{"id":245373,"date":"2025-07-12T17:15:10","date_gmt":"2025-07-12T17:15:10","guid":{"rendered":"https:\/\/www.europesays.com\/fr\/245373\/"},"modified":"2025-07-12T17:15:10","modified_gmt":"2025-07-12T17:15:10","slug":"une-nouvelle-residence-de-41-logements-inauguree-a-deux-pas-du-centre-ville","status":"publish","type":"post","link":"https:\/\/www.europesays.com\/fr\/245373\/","title":{"rendered":"une nouvelle r\u00e9sidence de 41 logements inaugur\u00e9e \u00e0 deux pas du centre-ville"},"content":{"rendered":"<p>            Par<br \/>\n        <strong><br \/>\n            <a href=\"https:\/\/actu.fr\/auteur\/nicolas-demollien\" title=\"Consulter tous les articles de Nicolas Demollien\" rel=\"nofollow noopener\" target=\"_blank\">Nicolas Demollien<\/a><br \/>\n        <\/strong><\/p>\n<p>        Publi\u00e9 le<\/p>\n<p>            12 juil. 2025 \u00e0 19h00        <\/p>\n<p>Il y a du nouveau c\u00f4t\u00e9 <a href=\"https:\/\/actu.fr\/tag\/immobilier\" rel=\"nofollow noopener\" target=\"_blank\">immobilier<\/a> \u00e0 <a href=\"https:\/\/actu.fr\/hauts-de-france\/loos_59360\" rel=\"nofollow noopener\" target=\"_blank\">Loos<\/a>, tout pr\u00e8s de <a href=\"https:\/\/actu.fr\/hauts-de-france\/lille_59350\" rel=\"nofollow noopener\" target=\"_blank\">Lille<\/a> (Nord). Une toute <b>nouvelle r\u00e9sidence<\/b>, nomm\u00e9e <b>L\u2019Alc\u00f4ve<\/b>, a en effet \u00e9t\u00e9 inaugur\u00e9e jeudi 10\u00a0juillet 2025. Elle compte <b>41 logements<\/b> \u00e0 <b>deux pas du centre-ville<\/b> de la commune. Zoom sur ce projet innovant.<\/p>\n<p>41 logements flambant neufs \u00e0 deux pas du centre-ville de Loos<\/p>\n<p class=\" wall-content\">C\u2019est Anne Voituriez, maire de Loos et vice-pr\u00e9sidente de la <a href=\"https:\/\/actu.fr\/tag\/metropole-europeenne-de-lille\" rel=\"nofollow noopener\" target=\"_blank\">M\u00e9tropole Europ\u00e9enne de Lille<\/a> en charge du logement qui a inaugur\u00e9 cette r\u00e9sidence, en compagnie de St\u00e9phane Mazuy, directeur r\u00e9gional de Nacarat Hauts-de-France.<\/p>\n<p class=\" wall-content\">Situ\u00e9e au 90 rue du Docteur Calmette, face au parc Danel, la r\u00e9sidence propose \u00ab\u2009des logements qualitatifs et lumineux\u2009\u00bb dans un environnement apais\u00e9.<\/p>\n<p class=\" wall-content\">Elle a \u00e9t\u00e9 con\u00e7ue par l\u2019agence Relief Architecture pour \u00ab\u2009s\u2019int\u00e9grer harmonieusement dans un tissu urbain historique tout en affirmant une \u00e9criture architecturale contemporaine avec des fa\u00e7ades en brique rouge locale, des volumes ouverts sur des espaces verts ou encore un jardin central en c\u0153ur d\u2019\u00eelot\u2009\u00bb.<\/p>\n<p class=\" wall-content\">Et les architectes Marion Le Rouvillois et Matthieu Boidin de pr\u00e9ciser\u2009: \u00ab\u2009L\u2019immeuble dialogue avec le futur conservatoire voisin par la cr\u00e9ation d\u2019un jardin qui remplace g\u00e9n\u00e9reusement l\u2019entrep\u00f4t existant. Ce jardin s\u2019ouvre sur la rue Calmette et permet aux logements de profiter des orientations favorables, de vues vers les espaces v\u00e9g\u00e9talis\u00e9s. Chaque logement est prolong\u00e9 par un espace ext\u00e9rieur confortable, balcons en c\u0153ur d\u2019\u00eelot vers le jardin arbor\u00e9, loggias c\u00f4t\u00e9 parc Danel pour une fa\u00e7ade urbaine et plus d\u2019intimit\u00e9\u2009\u00bb.<\/p>\n<p class=\" wall-content\">Sur les\u00a041 logements que compte la r\u00e9sidence, sept\u00a0sont propos\u00e9s en Bail R\u00e9el Solidaire (BRS), une premi\u00e8re pour Nacarat. \u00ab\u2009Ce m\u00e9canisme innovant, qui dissocie le foncier du b\u00e2ti, permet \u00e0 des m\u00e9nages aux revenus modestes de devenir propri\u00e9taires \u00e0 un co\u00fbt r\u00e9duit. Il illustre concr\u00e8tement l\u2019engagement du Groupe en faveur d\u2019un logement accessible et durable, particuli\u00e8rement dans les zones o\u00f9 la demande est forte\u2009\u00bb, commente-t-on du c\u00f4t\u00e9 de Nacarat.<\/p>\n<p class=\" wall-content\">Plus d\u2019infos sur le site <a href=\"https:\/\/nacarat.com\/programme-neuf\/region-hauts-de-france\/loos-lalcove\/\" rel=\"nofollow noopener\" target=\"_blank\">nacarat.com<\/a>.<\/p>\n<p class=\" wall-content\">Suivez toute l\u2019actualit\u00e9 de vos villes et m\u00e9dias favoris en vous inscrivant \u00e0 <a href=\"https:\/\/moncompte.actu.fr\" title=\"D\u00e9couvez Mon Actu\" rel=\"nofollow noopener\" data-trk=\"{&quot;cta&quot;:{&quot;action&quot;:&quot;https:\\\/\\\/moncompte.actu.fr&quot;,&quot;category&quot;:&quot;mon compte&quot;,&quot;from&quot;:&quot;article footer&quot;,&quot;name&quot;:&quot;Mon actu&quot;,&quot;type&quot;:&quot;cta&quot;}}\" target=\"_blank\">Mon Actu<\/a>.<\/p>\n","protected":false},"excerpt":{"rendered":"Par Nicolas Demollien Publi\u00e9 le 12 juil. 2025 \u00e0 19h00 Il y a du nouveau c\u00f4t\u00e9 immobilier \u00e0&hellip;\n","protected":false},"author":2,"featured_media":245374,"comment_status":"","ping_status":"","sticky":false,"template":"","format":"standard","meta":{"footnotes":""},"categories":[2815],"tags":[1111,11,1777,674,1011,27,811,1116,1307,12,25,104],"class_list":{"0":"post-245373","1":"post","2":"type-post","3":"status-publish","4":"format-standard","5":"has-post-thumbnail","7":"category-lille","8":"tag-actu","9":"tag-actualites","10":"tag-eu","11":"tag-europe","12":"tag-fr","13":"tag-france","14":"tag-hauts-de-france","15":"tag-immobilier","16":"tag-lille","17":"tag-news","18":"tag-republique-francaise","19":"tag-societe"},"share_on_mastodon":{"url":"https:\/\/pubeurope.com\/@fr\/114841395205459527","error":""},"_links":{"self":[{"href":"https:\/\/www.europesays.com\/fr\/wp-json\/wp\/v2\/posts\/245373","targetHints":{"allow":["GET"]}}],"collection":[{"href":"https:\/\/www.europesays.com\/fr\/wp-json\/wp\/v2\/posts"}],"about":[{"href":"https:\/\/www.europesays.com\/fr\/wp-json\/wp\/v2\/types\/post"}],"author":[{"embeddable":true,"href":"https:\/\/www.europesays.com\/fr\/wp-json\/wp\/v2\/users\/2"}],"replies":[{"embeddable":true,"href":"https:\/\/www.europesays.com\/fr\/wp-json\/wp\/v2\/comments?post=245373"}],"version-history":[{"count":0,"href":"https:\/\/www.europesays.com\/fr\/wp-json\/wp\/v2\/posts\/245373\/revisions"}],"wp:featuredmedia":[{"embeddable":true,"href":"https:\/\/www.europesays.com\/fr\/wp-json\/wp\/v2\/media\/245374"}],"wp:attachment":[{"href":"https:\/\/www.europesays.com\/fr\/wp-json\/wp\/v2\/media?parent=245373"}],"wp:term":[{"taxonomy":"category","embeddable":true,"href":"https:\/\/www.europesays.com\/fr\/wp-json\/wp\/v2\/categories?post=245373"},{"taxonomy":"post_tag","embeddable":true,"href":"https:\/\/www.europesays.com\/fr\/wp-json\/wp\/v2\/tags?post=245373"}],"curies":[{"name":"wp","href":"https:\/\/api.w.org\/{rel}","templated":true}]}}