{"id":245375,"date":"2025-07-12T17:16:20","date_gmt":"2025-07-12T17:16:20","guid":{"rendered":"https:\/\/www.europesays.com\/fr\/245375\/"},"modified":"2025-07-12T17:16:20","modified_gmt":"2025-07-12T17:16:20","slug":"voiliers-festival-jeux-que-faire-le-dimanche-13-juillet-a-lille-et-dans-le-nord","status":"publish","type":"post","link":"https:\/\/www.europesays.com\/fr\/245375\/","title":{"rendered":"Voiliers, festival, jeux\u2026 Que faire le dimanche 13 juillet, \u00e0 Lille et dans le Nord"},"content":{"rendered":"<p>            Par<br \/>\n        <strong><br \/>\n            <a href=\"https:\/\/actu.fr\/auteur\/amandine-vachez\" title=\"Consulter tous les articles de Amandine Vachez\" target=\"_blank\" rel=\"noopener\">Amandine Vachez<\/a><br \/>\n        <\/strong><\/p>\n<p>        Publi\u00e9 le<\/p>\n<p>            12 juil. 2025 \u00e0 17h00        <\/p>\n<p>Ce sera dimanche, mais pas un dimanche classique. Un dimanche <b>veille de jour f\u00e9ri\u00e9<\/b>, et quel jour f\u00e9ri\u00e9\u2009: le <b>14\u00a0juillet\u2009!<\/b> Que vous vouliez profiter des<b> concerts ou feux d\u2019artifice<\/b>, de <b>bons plans ou autres animations<\/b>, vous aurez de quoi faire, du c\u00f4t\u00e9 de Lille et plus globalement dans le Nord \u2013 Pas-de-Calais. Voici <b>10 suggestions de sorties de la r\u00e9dac<\/b>, pour ce <b>dimanche 13\u00a0juillet 2025.<\/b><\/p>\n<p>Nos id\u00e9es de sorties pour ce dimanche<\/p>\n<ol class=\" wall-content\">\n<li><b>Enjaillez-vous aux Nuits Secr\u00e8tes<\/b><br \/>Peut-\u00eatre avez-vous d\u00e9j\u00e0 votre ticket, ou pas\u2026 Pour rappel, le festival des Nuits Secr\u00e8tes bat son plein dans le Nord ce week-end, \u00e0 1\u2009h de route de Lille. Ce dimanche est le dernier jour du festival de musiques actuelles. Pour en savoir plus, on vous fait <a href=\"https:\/\/actu.fr\/hauts-de-france\/aulnoye-aymeries_59033\/le-festival-des-nuits-secretes-approche-lessentiel-a-savoir-pour-ledition-2025_62888767.html\" target=\"_blank\" rel=\"noopener\">un bilan de l\u2019essentiel \u00e0 avoir en t\u00eate sur cette \u00e9dition<\/a>.<\/li>\n<li><b>D\u00e9couvrez des voiliers exceptionnels \u00e0 Dunkerque<\/b><br \/>La c\u00e9l\u00e8bre course internationale Tall Ships Race fait escale \u00e0 Dunkerque, le temps de 4\u00a0jours. Des voiliers sont \u00e0 quai, et vous pouvez les visiter, ainsi que profiter d\u2019animations gratuites sur le port. Un rassemblement qui vaut assur\u00e9ment le d\u00e9tour\u2009! Ce dimanche est l\u2019ultime jour\u2009! On vous en dit plus <a href=\"https:\/\/actu.fr\/hauts-de-france\/dunkerque_59183\/dunkerque-avec-voiles-de-legende-visitez-gratuitement-des-navires-dexception-pendant-4-jours_62894733.html\" target=\"_blank\" rel=\"noopener\">dans un article cibl\u00e9<\/a>.<\/li>\n<li><b>Chinez dans la r\u00e9gion, dans les nombreuses brocantes du week-end<\/b><br \/>Nous sommes sur \u00ab\u2009une terre de brocanteurs\u2009\u00bb. Preuves en sont les nombreuses ventes qui se tiennent chaque fin de semaine. On vous liste <a href=\"https:\/\/actu.fr\/loisirs-culture\/nord-brocantes-et-vide-greniers-pour-sortir-et-chiner-ce-week-end-du-12-et-13-juillet_62888036.html\" target=\"_blank\" rel=\"noopener\">celles pr\u00e9vues dans le Nord<\/a> et <a href=\"https:\/\/actu.fr\/loisirs-culture\/voici-les-brocantes-et-marches-aux-puces-prevus-dans-le-pas-de-calais-samedi-12-et-dimanche-13-juillet_62888070.html\" target=\"_blank\" rel=\"noopener\">dans le Pas-de-Calais<\/a>. Notez qu\u2019une s\u00e9lection sp\u00e9ciale pour lundi <a href=\"https:\/\/actu.fr\/loisirs-culture\/voici-les-brocantes-et-vide-greniers-organises-le-14-juillet-dans-le-nord-pas-de-calais_62905289.html\" target=\"_blank\" rel=\"noopener\">vous attend aussi sur notre site<\/a>.<\/li>\n<li><b>Offrir une pause d\u00e9fouloir aux enfants, dans les structures gonflables<\/b><br \/>Ils sont tr\u00e8s appr\u00e9ci\u00e9s des jeunes aventuriers en qu\u00eate de sensations fortes\u2009: des parcs de structures gonflables sont ouverts sur le territoire, le temps de la p\u00e9riode estivale. On vous en liste <a href=\"https:\/\/actu.fr\/hauts-de-france\/saint-omer_62765\/pas-de-calais-ces-immenses-parcs-de-jeux-gonflables-destines-aux-enfants-sont-ouverts-tout-lete_62905293.html\" target=\"_blank\" rel=\"noopener\">deux dans le Pas-de-Calais<\/a>, pens\u00e9s pour ravir les enfants.<\/li>\n<li><b>Assistez \u00e0 un concert gratuit<\/b><br \/>Dans le cadre des c\u00e9l\u00e9brations de la F\u00eate nationale, de nombreux concerts marquants sont \u00e0 l\u2019affiche dans la r\u00e9gion, notamment ce dimanche, veille de jour f\u00e9ri\u00e9. On vous liste <a href=\"https:\/\/actu.fr\/hauts-de-france\/lille_59350\/14-juillet-kendji-gims-jeremy-frerot-stars-80-stars-et-concerts-gratuits-vers-lille-et-dans-le-nord_62887758.html\" target=\"_blank\" rel=\"noopener\">les dates principales vers Lille et dans le Nord<\/a>, et <a href=\"https:\/\/actu.fr\/loisirs-culture\/pas-de-calais-voici-les-8-concerts-a-ne-pas-rater-pour-la-fete-nationale-les-13-et-14-juillet_62898177.html\" target=\"_blank\" rel=\"noopener\">par ici sur le Pas-de-Calais<\/a>.<\/li>\n<li><b>Des feux d\u2019artifice et shows pyrotechniques<\/b><br \/>En musique, \u00e0 th\u00e8me ou non\u2009: il va y avoir de quoi s\u2019\u00e9merveiller, avec les feux d\u2019artifice tir\u00e9s pour la F\u00eate nationale. Un grand nombre d\u2019entre eux se tiennent ce dimanche. On vous en liste quelques-uns <a href=\"https:\/\/actu.fr\/hauts-de-france\/lille_59350\/fete-nationale-ou-voir-des-feux-dartifice-a-lille-et-dans-le-nord-pour-le-14-juillet_62878323.html\" target=\"_blank\" rel=\"noopener\">pr\u00e9vus vers Lille et dans le Nord<\/a>, puis <a href=\"https:\/\/actu.fr\/loisirs-culture\/fete-nationale-ou-et-quand-voir-les-feux-dartifice-du-14-juillet-dans-le-pas-de-calais_62881624.html\" target=\"_blank\" rel=\"noopener\">20 dont vous pouvez profiter dans le Pas-de-Calais<\/a>.<\/li>\n<li><b>Boire, manger et \u00ab\u2009chiller\u2009\u00bb dans les guinguettes<\/b><br \/>C\u2019est devenu, au fil des ans, une tradition estivale\u2009: se rendre dans une guinguette et profiter du moment. De nombreuses adresses \u00e9ph\u00e9m\u00e8res vous attendent sur le secteur. On vous en liste\u00a0<a href=\"https:\/\/actu.fr\/hauts-de-france\/lille_59350\/lambersart-tourcoing-wambrechies-les-guinguettes-de-lete-dans-la-metropole-de-lille_62883231.html\" target=\"_blank\" rel=\"noopener\">10, dans la m\u00e9tropole lilloise<\/a>.<\/li>\n<li><b>D\u00e9couvrir les expositions du moment<\/b><br \/>L\u2019\u00e9t\u00e9 n\u2019est pas synonyme de pause, dans les mus\u00e9es. Bien au contraire\u2009! Dans le Pas-de-Calais, la part belle est donn\u00e9e \u00e0 la mode, avec les <a href=\"https:\/\/actu.fr\/hauts-de-france\/calais_62193\/haute-couture-les-sublimes-creations-de-yiqing-yin-exposees-dans-un-musee-de-calais_62786185.html\" target=\"_blank\" rel=\"noopener\">sublimes cr\u00e9ations de la cr\u00e9atrice de haute couture et plasticienne Yiqing Yin<\/a>, ainsi que l\u2019exposition <a href=\"https:\/\/actu.fr\/hauts-de-france\/lens_62498\/une-nouvelle-expo-autour-du-vetement-est-a-decouvrir-durgence-au-louvre-lens_62503222.html\" target=\"_blank\" rel=\"noopener\">\u00ab\u2009S\u2019habiller en artiste\u2009\u00bb<\/a>, au Louvre-Lens. Ateliers, visites famille ou en costume d\u2019\u00e9poque\u2026 Pour conna\u00eetre les animations d\u2019\u00e9t\u00e9 dans les mus\u00e9es du Nord, <a href=\"https:\/\/actu.fr\/hauts-de-france\/lille_59350\/ateliers-parcours-famille-pauses-bien-etre-une-belle-programmation-cet-ete-dans-les-musees-du-nord_62882791.html\" target=\"_blank\" rel=\"noopener\">c\u2019est par ici<\/a>.<\/li>\n<li><b>Se balader sur la c\u00f4te<\/b><br \/>\u00c9videmment, une balade sur la c\u00f4te est toujours de bon ton, en particulier en cette saison. Et si vous profitiez de cette journ\u00e9e pour vous rendre \u00e0 Wimereux\u2009? La ville c\u00f4ti\u00e8re vaut le d\u00e9tour, avec <a href=\"https:\/\/actu.fr\/hauts-de-france\/wimereux_62893\/redecouvrez-wimereux-et-ses-villas-balneaires-colorees-tresors-d-architecture_35618244.html\" target=\"_blank\" rel=\"noopener\">ses villas color\u00e9es<\/a>. Et si vous \u00eates f\u00e9ru d\u2019Histoire, vous en aurez pour votre compte\u2009!<\/li>\n<li><b>Une parade entre musique, spectacles et performances \u00e0 Carvin<br \/><\/b>Une belle soir\u00e9e festive se profile \u00e0 Carvin, ce dimanche pour la F\u00eate nationale. Une parade sera donn\u00e9e dans la ville, avec des compagnies artistiques et associations locales, avant un feu d\u2019artifice. On vous en dit plus <a href=\"https:\/\/actu.fr\/hauts-de-france\/carvin_62215\/14-juillet-parade-festive-et-feu-dartifice-a-carvin-pour-la-fete-nationale_62905643.html\" target=\"_blank\" rel=\"noopener\">par ici<\/a>.<\/li>\n<\/ol>\n<p class=\" wall-content\">Voil\u00e0 de quoi vous donner des pistes\u2009!<\/p>\n<p class=\" wall-content\">Suivez toute l\u2019actualit\u00e9 de vos villes et m\u00e9dias favoris en vous inscrivant \u00e0 <a href=\"https:\/\/moncompte.actu.fr\" title=\"D\u00e9couvez Mon Actu\" rel=\"nofollow noopener\" data-trk=\"{&quot;cta&quot;:{&quot;action&quot;:&quot;https:\\\/\\\/moncompte.actu.fr&quot;,&quot;category&quot;:&quot;mon compte&quot;,&quot;from&quot;:&quot;article footer&quot;,&quot;name&quot;:&quot;Mon actu&quot;,&quot;type&quot;:&quot;cta&quot;}}\" target=\"_blank\">Mon Actu<\/a>.<\/p>\n<ul class=\"ac-article-tag wall-content\">\n<li><a href=\"https:\/\/actu.fr\/tag\/famille\" data-trk=\"{&quot;cta&quot;:{&quot;action&quot;:&quot;Famille&quot;,&quot;category&quot;:&quot;tag&quot;,&quot;from&quot;:&quot;article footer&quot;,&quot;name&quot;:&quot;Famille&quot;,&quot;type&quot;:&quot;cta&quot;}}\" target=\"_blank\" rel=\"noopener\">#Famille<\/a><\/li>\n<li><a href=\"https:\/\/actu.fr\/tag\/vacances-scolaires\" data-trk=\"{&quot;cta&quot;:{&quot;action&quot;:&quot;Vacances scolaires&quot;,&quot;category&quot;:&quot;tag&quot;,&quot;from&quot;:&quot;article footer&quot;,&quot;name&quot;:&quot;Vacances scolaires&quot;,&quot;type&quot;:&quot;cta&quot;}}\" target=\"_blank\" rel=\"noopener\">#Vacances scolaires<\/a><\/li>\n<\/ul>\n","protected":false},"excerpt":{"rendered":"Par Amandine Vachez Publi\u00e9 le 12 juil. 2025 \u00e0 17h00 Ce sera dimanche, mais pas un dimanche classique.&hellip;\n","protected":false},"author":2,"featured_media":245376,"comment_status":"","ping_status":"","sticky":false,"template":"","format":"standard","meta":{"footnotes":""},"categories":[2815],"tags":[1111,11,1777,674,652,1011,27,811,1307,1652,12,25,3176],"class_list":{"0":"post-245375","1":"post","2":"type-post","3":"status-publish","4":"format-standard","5":"has-post-thumbnail","7":"category-lille","8":"tag-actu","9":"tag-actualites","10":"tag-eu","11":"tag-europe","12":"tag-famille","13":"tag-fr","14":"tag-france","15":"tag-hauts-de-france","16":"tag-lille","17":"tag-loisirs-culture","18":"tag-news","19":"tag-republique-francaise","20":"tag-vacances-scolaires"},"share_on_mastodon":{"url":"https:\/\/pubeurope.com\/@fr\/114841399040563947","error":""},"_links":{"self":[{"href":"https:\/\/www.europesays.com\/fr\/wp-json\/wp\/v2\/posts\/245375","targetHints":{"allow":["GET"]}}],"collection":[{"href":"https:\/\/www.europesays.com\/fr\/wp-json\/wp\/v2\/posts"}],"about":[{"href":"https:\/\/www.europesays.com\/fr\/wp-json\/wp\/v2\/types\/post"}],"author":[{"embeddable":true,"href":"https:\/\/www.europesays.com\/fr\/wp-json\/wp\/v2\/users\/2"}],"replies":[{"embeddable":true,"href":"https:\/\/www.europesays.com\/fr\/wp-json\/wp\/v2\/comments?post=245375"}],"version-history":[{"count":0,"href":"https:\/\/www.europesays.com\/fr\/wp-json\/wp\/v2\/posts\/245375\/revisions"}],"wp:featuredmedia":[{"embeddable":true,"href":"https:\/\/www.europesays.com\/fr\/wp-json\/wp\/v2\/media\/245376"}],"wp:attachment":[{"href":"https:\/\/www.europesays.com\/fr\/wp-json\/wp\/v2\/media?parent=245375"}],"wp:term":[{"taxonomy":"category","embeddable":true,"href":"https:\/\/www.europesays.com\/fr\/wp-json\/wp\/v2\/categories?post=245375"},{"taxonomy":"post_tag","embeddable":true,"href":"https:\/\/www.europesays.com\/fr\/wp-json\/wp\/v2\/tags?post=245375"}],"curies":[{"name":"wp","href":"https:\/\/api.w.org\/{rel}","templated":true}]}}