{"id":245379,"date":"2025-07-12T17:18:10","date_gmt":"2025-07-12T17:18:10","guid":{"rendered":"https:\/\/www.europesays.com\/fr\/245379\/"},"modified":"2025-07-12T17:18:10","modified_gmt":"2025-07-12T17:18:10","slug":"un-meeting-de-marseille-capital-pour-se-qualifier-aux-mondiaux","status":"publish","type":"post","link":"https:\/\/www.europesays.com\/fr\/245379\/","title":{"rendered":"Un Meeting de Marseille capital pour se qualifier aux Mondiaux"},"content":{"rendered":"\n<p>Devenu \u00ab une grande manifestation internationale qui fait briller la cit\u00e9 phoc\u00e9enne \u00bb, comme l\u2019a soulign\u00e9 G\u00e9rard Azibi, adjoint au maire des 2\/3e arrondissements de Marseille en charge du sport, le Meeting de Marseille accueille comme chaque ann\u00e9e le gratin de l\u2019athl\u00e9tisme mondial. Un v\u00e9ritable tour de force des organisateurs, en raison du calendrier charg\u00e9 en comp\u00e9titions \u00e0 cette p\u00e9riode de l\u2019ann\u00e9e.<\/p>\n<p>\u00ab Il y a des Meeting tous les jours \u00bb, souligne Laurent Manneveau, directeur du Meeting international d\u2019athl\u00e9tisme de Marseille, conscient d\u2019intervenir entre celui de Monaco (10 juillet) et celui de Lucerne (15 juillet). \u00ab Tout le monde cherche les minima pour les championnats du monde [du 13 au 21 septembre \u00e0 Tokyo, Ndlr], alors les athl\u00e8tes choisissent leurs courses un peu au dernier moment en fonction de leurs capacit\u00e9s \u00bb, poursuit celui qui a d\u00fb composer avec quelques blessures de derni\u00e8re minute, comme celle de Louise Maraval, vice-championne d\u2019Europe du 400m haies, pour \u00e9tablir son plateau final.<\/p>\n<p>\u00ab Toutes les \u00e9preuves sont assez homog\u00e8nes, on devrait avoir pas mal de personnes qui feront les minima. Peut-\u00eatre pas tous les Fran\u00e7ais, mais c\u2019est une tradition d\u2019en voir un certain nombre les r\u00e9aliser \u00bb, ajoute Laurent Manneveau. Si ce dernier s\u2019attend \u00e0 un 3 000m masculin \u00ab exceptionnel \u00bb avec la pr\u00e9sence de Flavien Szot, auteur d\u2019un chrono de 3\u201930 sur 1 500m pour se qualifier aux Mondiaux, la course du 800m masculin s\u2019annonce tout aussi passionnante.<\/p>\n<p>Yanis Meziane, champion d\u2019Europe U23 en 2023, en sera l\u2019une des t\u00eates d\u2019affiches, malgr\u00e9 le fait qu\u2019il ait d\u00e9j\u00e0 obtenu son ticket pour les championnats du monde lors du meeting de Rovereto (en Italie) au d\u00e9but du mois de juin. \u00ab Il a fait le choix de ne pas courir \u00e0 Monaco pour \u00eatre sur la ligne de d\u00e9part du n\u00f4tre \u00bb, se r\u00e9jouit le directeur sportif de la SCO Sainte-Marguerite, persuad\u00e9 que le pensionnaire d\u2019Athl\u00e9 91 peut r\u00e9aliser \u00ab un tr\u00e8s gros chrono \u00bb.<\/p>\n<p>Une performance que tentera \u00e9galement T\u00e9o Andant sur 400m, lui qui vient de r\u00e9aliser une course prodigieuse en finale du 200m au Meeting de Monaco face aux champions olympiques Noah Lyles et Letsile Tebogo. \u00ab S\u2019il court aussi bien, \u00e7a devrait passer pour les minima des Mondiaux. Il sera au couloir n\u00b04 avec le meilleur am\u00e9ricain juste devant lui. Il n\u2019aura qu\u2019\u00e0 le suivre \u00bb, remarque Laurent Manneveau.<\/p>\n<p>Et petite nouveaut\u00e9 pour cette 19e \u00e9dition du Meeting international de Marseille : un concours de saut en hauteur f\u00e9minin. \u00ab On n\u2019avait pas envie de faire de lancers cette ann\u00e9e, afin de se concentrer sur les concours de sauts \u00bb, justifie le directeur de course qui br\u00fblait d\u2019envie depuis plusieurs ann\u00e9es de voir Sol\u00e8ne Gicquel, multiple championne de France, sauter au stade Pierre-Delort. \u00ab Elle n\u2019est qu\u2019\u00e0 quelques centim\u00e8tres des minima. On ne sait jamais. \u00bb<\/p>\n","protected":false},"excerpt":{"rendered":"Devenu \u00ab une grande manifestation internationale qui fait briller la cit\u00e9 phoc\u00e9enne \u00bb, comme l\u2019a soulign\u00e9 G\u00e9rard Azibi,&hellip;\n","protected":false},"author":2,"featured_media":245380,"comment_status":"","ping_status":"","sticky":false,"template":"","format":"standard","meta":{"footnotes":""},"categories":[2814],"tags":[1111,11,27040,1777,674,1011,27,884,12,882,25],"class_list":{"0":"post-245379","1":"post","2":"type-post","3":"status-publish","4":"format-standard","5":"has-post-thumbnail","7":"category-marseille","8":"tag-actu","9":"tag-actualites","10":"tag-athletes","11":"tag-eu","12":"tag-europe","13":"tag-fr","14":"tag-france","15":"tag-marseille","16":"tag-news","17":"tag-provence-alpes-cote-dazur","18":"tag-republique-francaise"},"share_on_mastodon":{"url":"https:\/\/pubeurope.com\/@fr\/114841406931275256","error":""},"_links":{"self":[{"href":"https:\/\/www.europesays.com\/fr\/wp-json\/wp\/v2\/posts\/245379","targetHints":{"allow":["GET"]}}],"collection":[{"href":"https:\/\/www.europesays.com\/fr\/wp-json\/wp\/v2\/posts"}],"about":[{"href":"https:\/\/www.europesays.com\/fr\/wp-json\/wp\/v2\/types\/post"}],"author":[{"embeddable":true,"href":"https:\/\/www.europesays.com\/fr\/wp-json\/wp\/v2\/users\/2"}],"replies":[{"embeddable":true,"href":"https:\/\/www.europesays.com\/fr\/wp-json\/wp\/v2\/comments?post=245379"}],"version-history":[{"count":0,"href":"https:\/\/www.europesays.com\/fr\/wp-json\/wp\/v2\/posts\/245379\/revisions"}],"wp:featuredmedia":[{"embeddable":true,"href":"https:\/\/www.europesays.com\/fr\/wp-json\/wp\/v2\/media\/245380"}],"wp:attachment":[{"href":"https:\/\/www.europesays.com\/fr\/wp-json\/wp\/v2\/media?parent=245379"}],"wp:term":[{"taxonomy":"category","embeddable":true,"href":"https:\/\/www.europesays.com\/fr\/wp-json\/wp\/v2\/categories?post=245379"},{"taxonomy":"post_tag","embeddable":true,"href":"https:\/\/www.europesays.com\/fr\/wp-json\/wp\/v2\/tags?post=245379"}],"curies":[{"name":"wp","href":"https:\/\/api.w.org\/{rel}","templated":true}]}}