{"id":245383,"date":"2025-07-12T17:20:16","date_gmt":"2025-07-12T17:20:16","guid":{"rendered":"https:\/\/www.europesays.com\/fr\/245383\/"},"modified":"2025-07-12T17:20:16","modified_gmt":"2025-07-12T17:20:16","slug":"il-etait-temps-quil-y-ait-une-arena-a-lyon","status":"publish","type":"post","link":"https:\/\/www.europesays.com\/fr\/245383\/","title":{"rendered":"\u00ab\u00a0Il \u00e9tait temps qu\u2019il y ait une arena \u00e0 Lyon\u00a0\u00bb"},"content":{"rendered":"<p>Son album, le 10e, \u00ab\u00a0Adr\u00e9naline\u00a0\u00bb, \u00ab\u00a0le meilleur de ma carri\u00e8re\u00a0\u00bb selon l\u2019artiste, auteur, compositeur, interpr\u00e8te, danseur, producteur et acteur, r\u00e9v\u00e9l\u00e9 par l\u2019\u00e9mission \u00ab\u00a0Popstars\u00a0\u00bb en 2003, est sorti le 21\u00a0mars. Il est accompagn\u00e9 d\u2019une grande tourn\u00e9e \u00e9ponyme qui passera par Lyon et Saint-Etienne.<\/p>\n<blockquote class=\"question\"><p>Vous pr\u00e9parez une grande tourn\u00e9e, l\u2019\u00ab\u00a0Adr\u00e9naline tour\u00a0\u00bb pour l\u2019automne. \u00c0 Lyon, vous passerez par la LDLC Arena, une premi\u00e8re\u00a0?<\/p><\/blockquote>\n<p><strong>M.P.\u00a0: <\/strong> \u00ab\u00a0Oui, ce sera ma premi\u00e8re fois \u00e0 la <a href=\"https:\/\/www.leprogres.fr\/culture-loisirs\/2024\/11\/09\/un-deluge-de-stars-annonce-a-la-ldlc-arena-pour-le-grand-retour-du-foot-concert\" target=\"_blank\" rel=\"noopener\">LDLC Arena<\/a> et il me tarde\u00a0! Les derni\u00e8res fois, c\u2019\u00e9tait \u00e0 la Halle (Tony-Garnier), il n\u2019y avait pas encore de dates \u00e0 la nouvelle salle. J\u2019ai vraiment h\u00e2te car j\u2019y suis d\u00e9j\u00e0 all\u00e9&#8230;<\/p>\n","protected":false},"excerpt":{"rendered":"Son album, le 10e, \u00ab\u00a0Adr\u00e9naline\u00a0\u00bb, \u00ab\u00a0le meilleur de ma carri\u00e8re\u00a0\u00bb selon l\u2019artiste, auteur, compositeur, interpr\u00e8te, danseur, producteur et&hellip;\n","protected":false},"author":2,"featured_media":245384,"comment_status":"","ping_status":"","sticky":false,"template":"","format":"standard","meta":{"footnotes":""},"categories":[1889],"tags":[1111,11,2738,2430,1687,2757,1777,674,107,1011,27,4002,3367,2428,2756,873,12,25,2429,4604,3140],"class_list":{"0":"post-245383","1":"post","2":"type-post","3":"status-publish","4":"format-standard","5":"has-post-thumbnail","7":"category-lyon","8":"tag-actu","9":"tag-actualites","10":"tag-ain","11":"tag-auvergne-rhone-alpes","12":"tag-culture-loisirs","13":"tag-edition-lyon-villeurbanne","14":"tag-eu","15":"tag-europe","16":"tag-fil-info","17":"tag-fr","18":"tag-france","19":"tag-haute-loire","20":"tag-loire","21":"tag-lyon","22":"tag-lyon-bassin","23":"tag-musique","24":"tag-news","25":"tag-republique-francaise","26":"tag-rhone","27":"tag-selection-abonne","28":"tag-spectacle"},"share_on_mastodon":{"url":"https:\/\/pubeurope.com\/@fr\/114841414677227949","error":""},"_links":{"self":[{"href":"https:\/\/www.europesays.com\/fr\/wp-json\/wp\/v2\/posts\/245383","targetHints":{"allow":["GET"]}}],"collection":[{"href":"https:\/\/www.europesays.com\/fr\/wp-json\/wp\/v2\/posts"}],"about":[{"href":"https:\/\/www.europesays.com\/fr\/wp-json\/wp\/v2\/types\/post"}],"author":[{"embeddable":true,"href":"https:\/\/www.europesays.com\/fr\/wp-json\/wp\/v2\/users\/2"}],"replies":[{"embeddable":true,"href":"https:\/\/www.europesays.com\/fr\/wp-json\/wp\/v2\/comments?post=245383"}],"version-history":[{"count":0,"href":"https:\/\/www.europesays.com\/fr\/wp-json\/wp\/v2\/posts\/245383\/revisions"}],"wp:featuredmedia":[{"embeddable":true,"href":"https:\/\/www.europesays.com\/fr\/wp-json\/wp\/v2\/media\/245384"}],"wp:attachment":[{"href":"https:\/\/www.europesays.com\/fr\/wp-json\/wp\/v2\/media?parent=245383"}],"wp:term":[{"taxonomy":"category","embeddable":true,"href":"https:\/\/www.europesays.com\/fr\/wp-json\/wp\/v2\/categories?post=245383"},{"taxonomy":"post_tag","embeddable":true,"href":"https:\/\/www.europesays.com\/fr\/wp-json\/wp\/v2\/tags?post=245383"}],"curies":[{"name":"wp","href":"https:\/\/api.w.org\/{rel}","templated":true}]}}