{"id":245389,"date":"2025-07-12T17:24:15","date_gmt":"2025-07-12T17:24:15","guid":{"rendered":"https:\/\/www.europesays.com\/fr\/245389\/"},"modified":"2025-07-12T17:24:15","modified_gmt":"2025-07-12T17:24:15","slug":"la-folle-nuit-des-fans-du-psg-avant-chelsea","status":"publish","type":"post","link":"https:\/\/www.europesays.com\/fr\/245389\/","title":{"rendered":"la folle nuit des fans du PSG avant Chelsea"},"content":{"rendered":"<p class=\"mb-4 text-lg md:leading-8 break-words\">\u00c0 la veille du <a href=\"https:\/\/fr.news.yahoo.com\/sport\/mondial-clubs-2025-chelsea-annonce-184500321.html\" data-ylk=\"slk:choc plan\u00e9taire entre le Paris Saint-Germain et Chelsea, pr\u00e9vu dimanche soir au MetLife Stadium;elm:context_link;itc:0;sec:content-canvas;outcm:mb_qualified_link;_E:mb_qualified_link;ct:story;\" class=\"link  yahoo-link\" rel=\"nofollow noopener\" target=\"_blank\">choc plan\u00e9taire entre le Paris Saint-Germain et Chelsea, pr\u00e9vu dimanche soir au MetLife Stadium<\/a>, les rues de New York ont r\u00e9sonn\u00e9 au rythme des chants parisiens. Time Square, poumon touristique de la ville am\u00e9ricaine, a v\u00e9cu une soir\u00e9e aux accents tricolores, envahi par une foule exalt\u00e9e venue soutenir le club de la capitale fran\u00e7aise.<\/p>\n<p>Un chant parisien pour secouer les gratte-ciels<img alt=\"Un chant parisien pour secouer les gratte-ciels\" loading=\"lazy\" width=\"828\" height=\"466\" decoding=\"async\" data-nimg=\"1\" class=\"rounded-lg\" style=\"color:transparent\" src=\"https:\/\/www.europesays.com\/fr\/wp-content\/uploads\/2025\/07\/9823656d593a8879398bcd737c2457b8.jpeg\"\/><\/p>\n<p>Un chant parisien pour secouer les gratte-ciels<\/p>\n<p class=\"mb-4 text-lg md:leading-8 break-words\">Ce vendredi soir, les passants de Manhattan ont assist\u00e9 \u00e0 un \u00e9trange spectacle. Entre les panneaux publicitaires g\u00e9ants et les taxis jaunes, des centaines de fans du PSG ont transform\u00e9 Time Square en gigantesque virage du Parc des Princes. Pendant plusieurs minutes, les supporters ont entonn\u00e9 leur hymne f\u00e9tiche : \u00ab Oh pour toi Paris-SG \u00bb, un refrain d\u00e9sormais bien connu en Europe, et que New York a d\u00e9couvert dans un frisson collectif inattendu.<\/p>\n<p>Des centaines de supporters et une ville qui parle fran\u00e7ais<img alt=\"Des centaines de supporters et une ville qui parle fran\u00e7ais\" loading=\"lazy\" width=\"960\" height=\"540\" decoding=\"async\" data-nimg=\"1\" class=\"rounded-lg\" style=\"color:transparent\" src=\"https:\/\/www.europesays.com\/fr\/wp-content\/uploads\/2025\/07\/b17ecbc0bcb61ba342de7b8461194a7a.jpeg\"\/><\/p>\n<p>Des centaines de supporters et une ville qui parle fran\u00e7ais<\/p>\n<p class=\"mb-4 text-lg md:leading-8 break-words\">Depuis plusieurs jours d\u00e9j\u00e0, la \u00ab\u00a0Grosse Pomme\u00a0\u00bb vit \u00e0 l&rsquo;heure parisienne. Le PSG a d\u00e9localis\u00e9 sa ferveur. Des vacanciers, des passionn\u00e9s, des exil\u00e9s, mais aussi des centaines de fans ayant profit\u00e9 du pack organis\u00e9 par le club ont investi les rues new-yorkaises. Pour 500 euros, le club offrait une formule tout compris : vol aller-retour, h\u00e9bergement, transferts vers les stades, billets pour la demi-finale contre le Real Madrid, et acc\u00e8s \u00e0 la grande finale contre Chelsea. Un plan presque trop beau, devenu r\u00e9alit\u00e9 pour suivre <a href=\"https:\/\/www.dazn.com\/competition\/Competition:dc4k1xh2984zbypbnunk7ncic?clickref=1011lAAaGjTe&amp;utm_source=affiliate&amp;utm_medium=footballcogoal&amp;utm_campaign=campaign&amp;utm_term=term&amp;utm_content=1100l193997|1011lAAaGjTe|footballcogoal&amp;gad_source=7&amp;dclid=CKfUsMSltY0DFTodBgAdmvQfQA\" rel=\"nofollow noopener\" target=\"_blank\" data-ylk=\"slk:cette finale, qui sera \u00e9galement \u00e0 suivre gratuitement sur DAZN;elm:context_link;itc:0;sec:content-canvas\" class=\"link \">cette finale, qui sera \u00e9galement \u00e0 suivre gratuitement sur DAZN<\/a>.<\/p>\n<p>Le r\u00eave d\u2019un quintupl\u00e9 historique<img alt=\"Le r\u00eave d\u2019un quintupl\u00e9 historique\" loading=\"lazy\" width=\"960\" height=\"540\" decoding=\"async\" data-nimg=\"1\" class=\"rounded-lg\" style=\"color:transparent\" src=\"https:\/\/www.europesays.com\/fr\/wp-content\/uploads\/2025\/07\/fb65feb07d7ae0c29fdc3972355a61f0.jpeg\"\/><\/p>\n<p>Le r\u00eave d\u2019un quintupl\u00e9 historique<\/p>\n<p class=\"mb-4 text-lg md:leading-8 break-words\">Dimanche soir, c\u2019est plus qu\u2019un simple match. Les Parisiens peuvent conclure une saison d\u00e9j\u00e0 exceptionnelle comme l\u2019a soulign\u00e9 Luis Enrique en conf\u00e9rence de presse plus t\u00f4t. Apr\u00e8s avoir remport\u00e9 la Ligue 1, la Coupe de France, la Ligue des champions et le Troph\u00e9e des champions, le PSG vise un cinqui\u00e8me troph\u00e9e majeur en une seule campagne. De quoi rendre fous d\u2019espoir les fans pr\u00e9sents \u00e0 New York, pr\u00eats \u00e0 vivre, en chair et en os, l\u2019apoth\u00e9ose d\u2019un conte de f\u00e9es sportif.<\/p>\n","protected":false},"excerpt":{"rendered":"\u00c0 la veille du choc plan\u00e9taire entre le Paris Saint-Germain et Chelsea, pr\u00e9vu dimanche soir au MetLife Stadium,&hellip;\n","protected":false},"author":2,"featured_media":245390,"comment_status":"","ping_status":"","sticky":false,"template":"","format":"standard","meta":{"footnotes":""},"categories":[1888],"tags":[1111,1928,11,1927,1777,674,1011,27,38522,415,12,1926,2334,626,1925,93,4790,25,38521],"class_list":{"0":"post-245389","1":"post","2":"type-post","3":"status-publish","4":"format-standard","5":"has-post-thumbnail","7":"category-paris","8":"tag-actu","9":"tag-actu-paris","10":"tag-actualites","11":"tag-actualites-paris","12":"tag-eu","13":"tag-europe","14":"tag-fr","15":"tag-france","16":"tag-images-sport","17":"tag-new-york","18":"tag-news","19":"tag-news-paris","20":"tag-parc-des-princes","21":"tag-paris","22":"tag-paris-news","23":"tag-psg","24":"tag-real-madrid","25":"tag-republique-francaise","26":"tag-time-square"},"share_on_mastodon":{"url":"https:\/\/pubeurope.com\/@fr\/114841430843123779","error":""},"_links":{"self":[{"href":"https:\/\/www.europesays.com\/fr\/wp-json\/wp\/v2\/posts\/245389","targetHints":{"allow":["GET"]}}],"collection":[{"href":"https:\/\/www.europesays.com\/fr\/wp-json\/wp\/v2\/posts"}],"about":[{"href":"https:\/\/www.europesays.com\/fr\/wp-json\/wp\/v2\/types\/post"}],"author":[{"embeddable":true,"href":"https:\/\/www.europesays.com\/fr\/wp-json\/wp\/v2\/users\/2"}],"replies":[{"embeddable":true,"href":"https:\/\/www.europesays.com\/fr\/wp-json\/wp\/v2\/comments?post=245389"}],"version-history":[{"count":0,"href":"https:\/\/www.europesays.com\/fr\/wp-json\/wp\/v2\/posts\/245389\/revisions"}],"wp:featuredmedia":[{"embeddable":true,"href":"https:\/\/www.europesays.com\/fr\/wp-json\/wp\/v2\/media\/245390"}],"wp:attachment":[{"href":"https:\/\/www.europesays.com\/fr\/wp-json\/wp\/v2\/media?parent=245389"}],"wp:term":[{"taxonomy":"category","embeddable":true,"href":"https:\/\/www.europesays.com\/fr\/wp-json\/wp\/v2\/categories?post=245389"},{"taxonomy":"post_tag","embeddable":true,"href":"https:\/\/www.europesays.com\/fr\/wp-json\/wp\/v2\/tags?post=245389"}],"curies":[{"name":"wp","href":"https:\/\/api.w.org\/{rel}","templated":true}]}}