{"id":245391,"date":"2025-07-12T17:25:12","date_gmt":"2025-07-12T17:25:12","guid":{"rendered":"https:\/\/www.europesays.com\/fr\/245391\/"},"modified":"2025-07-12T17:25:12","modified_gmt":"2025-07-12T17:25:12","slug":"fete-du-14-juillet-et-finale-du-psg-paris-sous-haute-surveillance-avec-11-500-forces-de-lordre-mobilisees","status":"publish","type":"post","link":"https:\/\/www.europesays.com\/fr\/245391\/","title":{"rendered":"F\u00eate du 14-Juillet et finale du PSG\u2026 Paris sous haute surveillance avec 11.500 forces de l\u2019ordre mobilis\u00e9es"},"content":{"rendered":"<p>Beaucoup de \u00ab\u00a0bleu\u00a0\u00bb dans les rues. <a href=\"https:\/\/www.20minutes.fr\/paris\/\" class=\"color-ultramarine c-link\" rel=\"nofollow noopener\" target=\"_blank\">Paris <\/a>et ses alentours seront sous surveillance dimanche et lundi avec 11.500 forces de s\u00e9curit\u00e9 mobilis\u00e9es pour les festivit\u00e9s du <a href=\"https:\/\/www.20minutes.fr\/dossier\/14_juillet\" class=\"color-ultramarine c-link\" rel=\"nofollow noopener\" target=\"_blank\">14-Juillet<\/a> et la finale du Mondial des clubs <a href=\"https:\/\/www.20minutes.fr\/sport\/psg\/\" class=\"color-ultramarine c-link\" rel=\"nofollow noopener\" target=\"_blank\">PSG<\/a>-Chelsea, avec aucun rassemblement \u00ab\u00a0tol\u00e9r\u00e9\u00a0\u00bb sur les <a href=\"https:\/\/www.20minutes.fr\/paris\/champs-elysees\/\" class=\"color-ultramarine c-link\" rel=\"nofollow noopener\" target=\"_blank\">Champs-Elys\u00e9es<\/a>.<\/p>\n<p>La pr\u00e9fecture de police de Paris, qui d\u00e9ploie policiers, gendarmes et pompiers (dont 400 en plus des 1.900 habituellement de garde le 14\u00a0juillet), a mis en place \u00ab\u00a0un important dispositif de s\u00e9curisation, \u00e0 compter de 19 heures (dimanche), notamment sur l\u2019avenue des Champs-Elys\u00e9es o\u00f9 aucun rassemblement ne sera tol\u00e9r\u00e9\u00a0\u00bb, selon un communiqu\u00e9.<\/p>\n<\/p>\n<p>Ce long week-end festif, pour lequel \u00ab\u00a0aucune intention de perturber les festivit\u00e9s n\u2019a \u00e9t\u00e9 d\u00e9tect\u00e9e\u00a0\u00bb selon une source polici\u00e8re, d\u00e9butera dimanche soir avec la finale PSG-Chelsea du <a href=\"https:\/\/www.20minutes.fr\/sport\/football\/coupe-monde-clubs\/\" class=\"color-ultramarine c-link\" rel=\"nofollow noopener\" target=\"_blank\">Mondial des clubs<\/a>, qui se joue \u00e0 New York, \u00e0 21 heures, heure de Paris.<\/p>\n<p>Un arr\u00eat\u00e9 a \u00e9t\u00e9 pris pour interdire, de dimanche \u00e0 20 heures jusqu\u2019\u00e0 lundi\u00a014 \u00e0 3 heures, \u00ab\u00a0les grands rassemblements de personnes ayant pour objet d\u2019assister \u00e0 la retransmission d\u2019\u00e9v\u00e9nements (fan zones, \u00e9crans sur la voie publique, \u00e9crans tourn\u00e9s vers la voie publique)\u00a0\u00bb.<\/p>\n<p>60.000 personnes attendues au Champ-de-Mars<\/p>\n<p>Et lundi matin, l\u2019avenue des Champs-Elys\u00e9es sera le th\u00e9\u00e2tre du traditionnel d\u00e9fil\u00e9 militaire, o\u00f9 des points de filtrage du public seront positionn\u00e9s avec palpations et fouilles des sacs.<\/p>\n<p>Plus tard dans la soir\u00e9e, se tiendra un concert de musique classique au Champ-de-Mars d\u00e8s 21 heures, suivi \u00e0 23 heures d\u2019un feu d\u2019artifice de 20 minutes. Quelque 60.000 personnes sont attendues, d\u2019apr\u00e8s la pr\u00e9fecture de police. Ailleurs en France, plusieurs feux d\u2019artifice ont \u00e9t\u00e9 annul\u00e9s en raison de la s\u00e9cheresse et des risques d\u2019incendie.<\/p>\n<p>En\u00a02024, \u00e0 quelques jours des Jeux olympiques, les autorit\u00e9s avaient mobilis\u00e9 11.000 forces de l\u2019ordre pour les festivit\u00e9s du 14-Juillet (le d\u00e9fil\u00e9 s\u2019\u00e9tait d\u00e9roul\u00e9 exceptionnellement avenue Foch). En\u00a02023, quelques semaines apr\u00e8s les \u00e9meutes cons\u00e9cutives \u00e0 la mort de Nahel, tu\u00e9 par un tir de policier lors d\u2019un contr\u00f4le routier \u00e0 Nanterre (Hauts-de-Seine), ils avaient \u00e9t\u00e9 10.000.<\/p>\n<p>Ordre de \u00ab\u00a0dispersion totale\u00a0\u00bb en cas de rassemblement<\/p>\n<p>\u00ab\u00a0Pour l\u2019instant, on n\u2019a pas connaissance de risque mais nous, on se pr\u00e9pare quand m\u00eame toujours \u00e0 ce qu\u2019il y ait des troubles \u00e0 l\u2019ordre public\u00a0\u00bb, a indiqu\u00e9 le pr\u00e9fet de police Laurent Nu\u00f1ez samedi matin <a href=\"https:\/\/www.bfmtv.com\/police-justice\/video-festivites-du-14-juillet-finale-de-coupe-du-monde-des-clubs-l-interview-en-integralite-de-laurent-nunez-prefet-de-police-de-paris_VN-202507120160.html\" rel=\"nofollow noopener\" target=\"_blank\" class=\"color-ultramarine c-link\">sur BFMTV<\/a>, \u00e9voquant un \u00ab\u00a0dispositif tr\u00e8s dense partout sur Paris et dans l\u2019agglom\u00e9ration parisienne\u00a0\u00bb.<\/p>\n<p>\u00ab\u00a0On r\u00e9agira avec beaucoup de fermet\u00e9\u00a0\u00bb, a pr\u00e9venu Laurent Nu\u00f1ez, qui a donn\u00e9 pour instruction la \u00ab\u00a0dispersion totale\u00a0\u00bb en cas de rassemblement sur les Champs-Elys\u00e9es dimanche soir, en raison du d\u00e9fil\u00e9 organis\u00e9 le lendemain.<\/p>\n<p>Selon une source polici\u00e8re, \u00ab\u00a0la particularit\u00e9 de l\u2019\u00e9dition 2025 des festivit\u00e9s 14-juillet est leur \u00e9talement sur trois jours avec trois nuits possibles d\u2019actions\u00a0\u00bb. \u00ab\u00a0Le contexte international agit\u00e9 et les tensions perceptibles dans certains quartiers feront l\u2019objet d\u2019une vigilance particuli\u00e8re\u00a0\u00bb.<\/p>\n","protected":false},"excerpt":{"rendered":"Beaucoup de \u00ab\u00a0bleu\u00a0\u00bb dans les rues. Paris et ses alentours seront sous surveillance dimanche et lundi avec 11.500&hellip;\n","protected":false},"author":2,"featured_media":245392,"comment_status":"","ping_status":"","sticky":false,"template":"","format":"standard","meta":{"footnotes":""},"categories":[1888],"tags":[10915,47,11,6984,31402,1777,674,118,2396,1011,27,662,5454,12,626,2332,1072,1306,25,104,517],"class_list":{"0":"post-245391","1":"post","2":"type-post","3":"status-publish","4":"format-standard","5":"has-post-thumbnail","7":"category-paris","8":"tag-14-juillet","9":"tag-actualite","10":"tag-actualites","11":"tag-champs-elysees","12":"tag-coupe-du-monde-des-clubs-2025","13":"tag-eu","14":"tag-europe","15":"tag-faits-divers","16":"tag-finale","17":"tag-fr","18":"tag-france","19":"tag-ile-de-france","20":"tag-laurent-nunez","21":"tag-news","22":"tag-paris","23":"tag-paris-saint-germain-psg","24":"tag-police","25":"tag-regions","26":"tag-republique-francaise","27":"tag-societe","28":"tag-sport"},"share_on_mastodon":{"url":"https:\/\/pubeurope.com\/@fr\/114841434432562820","error":""},"_links":{"self":[{"href":"https:\/\/www.europesays.com\/fr\/wp-json\/wp\/v2\/posts\/245391","targetHints":{"allow":["GET"]}}],"collection":[{"href":"https:\/\/www.europesays.com\/fr\/wp-json\/wp\/v2\/posts"}],"about":[{"href":"https:\/\/www.europesays.com\/fr\/wp-json\/wp\/v2\/types\/post"}],"author":[{"embeddable":true,"href":"https:\/\/www.europesays.com\/fr\/wp-json\/wp\/v2\/users\/2"}],"replies":[{"embeddable":true,"href":"https:\/\/www.europesays.com\/fr\/wp-json\/wp\/v2\/comments?post=245391"}],"version-history":[{"count":0,"href":"https:\/\/www.europesays.com\/fr\/wp-json\/wp\/v2\/posts\/245391\/revisions"}],"wp:featuredmedia":[{"embeddable":true,"href":"https:\/\/www.europesays.com\/fr\/wp-json\/wp\/v2\/media\/245392"}],"wp:attachment":[{"href":"https:\/\/www.europesays.com\/fr\/wp-json\/wp\/v2\/media?parent=245391"}],"wp:term":[{"taxonomy":"category","embeddable":true,"href":"https:\/\/www.europesays.com\/fr\/wp-json\/wp\/v2\/categories?post=245391"},{"taxonomy":"post_tag","embeddable":true,"href":"https:\/\/www.europesays.com\/fr\/wp-json\/wp\/v2\/tags?post=245391"}],"curies":[{"name":"wp","href":"https:\/\/api.w.org\/{rel}","templated":true}]}}