{"id":245393,"date":"2025-07-12T17:26:11","date_gmt":"2025-07-12T17:26:11","guid":{"rendered":"https:\/\/www.europesays.com\/fr\/245393\/"},"modified":"2025-07-12T17:26:11","modified_gmt":"2025-07-12T17:26:11","slug":"voici-les-micro-quartiers-ou-vivent-les-personnes-les-plus-riches-a-paris","status":"publish","type":"post","link":"https:\/\/www.europesays.com\/fr\/245393\/","title":{"rendered":"voici les micro-quartiers o\u00f9 vivent les personnes les plus riches \u00e0 Paris"},"content":{"rendered":"<p>C\u2019est un sport national pratiqu\u00e9 partout en France, du moins en province. Dire du mal de Paris et des Parisiens, voil\u00e0 une discipline capable de f\u00e9d\u00e9rer un Marseillais et un Lyonnais ! Le \u00ab\u00a0microcosme parisien\u00a0\u00bb, ce sont des individus per\u00e7us comme arrogants et d\u00e9connect\u00e9s du reste du pays. Par-dessus le march\u00e9, ils ne sont pas tr\u00e8s partageurs !<\/p>\n<p>Les \u00ab\u00a0micro-quartiers\u00a0\u00bb les plus pris\u00e9s de Paris<\/p>\n<p>Parmi les secrets les mieux gard\u00e9s par ces Parigots qui ne se m\u00e9langent pas, il y a celui des \u00ab\u00a0micro-quartiers\u00a0\u00bb o\u00f9 s\u2019installer pour avoir la paix. De toute fa\u00e7on, il faut d\u00e9j\u00e0 avoir les moyens pour pr\u00e9tendre habiter ces quartiers. On peut sortir quelques num\u00e9ros \u00e0 la louche : le 16\u1d49, le 8\u1d49 et le 7\u1d49 arrondissements. Ces quartiers font peut-\u00eatre partie des plus pris\u00e9s, mais un simple code postal ne suffit pas \u00e0 identifier les emplacements des \u00ab\u00a0carr\u00e9s VIP\u00a0\u00bb. All\u00e9es priv\u00e9es, places, rues ultra-s\u00e9lectes\u2026 L\u2019Insee vient de d\u00e9voiler une liste d\u2019environ 50 micro-quartiers tr\u00e8s riches o\u00f9 se concentrent les \u00e9lites parisiennes.<\/p>\n<p>La chauss\u00e9e de la Muette se classe num\u00e9ro 1<\/p>\n<p>Cette chauss\u00e9e-l\u00e0 tire son \u00e9pingle (dor\u00e9e) du jeu. Num\u00e9ro 1 du palmar\u00e8s de l\u2019Insee, la chauss\u00e9e de la Muette a du charme et de la b\u00e2tisse pour millionnaires \u00e0 revendre. Immeubles art d\u00e9co ou haussmanniens, h\u00f4tels particuliers, b\u00e2timents plus r\u00e9cents, mais coquets\u2026 L\u2019architecture y est aussi \u00e9l\u00e9gante que recherch\u00e9e. Parmi les riverains de ce quartier pris\u00e9 et discret, (&#8230;)<\/p>\n<p><a href=\"https:\/\/www.grazia.fr\/voyage\/arrondissement-larrondissement-micro-quartiers-vivent-personnes-plus-riches-paris-1172412.html?utm_campaign=partenariat&amp;utm_source=yahoo-articles&amp;utm_medium=flux\" rel=\"nofollow noopener\" target=\"_blank\" data-ylk=\"slk:Lire la suite sur Grazia;elm:context_link;itc:0;sec:content-canvas\" class=\"link \">Lire la suite sur Grazia<\/a><\/p>\n<p><a href=\"https:\/\/www.grazia.fr\/voyage\/pas-trop-tard-pour-reserver-vacances-dete-voici-semaine-moins-chere-prendre-lavion-1172399.html?utm_campaign=partenariat&amp;utm_source=yahoo-articles&amp;utm_medium=flux\" rel=\"nofollow noopener\" target=\"_blank\" data-ylk=\"slk:Il n&#039;est pas trop tard pour r\u00e9server vos vacances d&#039;\u00e9t\u00e9 : voici la semaine la moins ch\u00e8re pour prendre l&#039;avion;elm:context_link;itc:0;sec:content-canvas\" class=\"link \">Il n&rsquo;est pas trop tard pour r\u00e9server vos vacances d&rsquo;\u00e9t\u00e9 : voici la semaine la moins ch\u00e8re pour prendre l&rsquo;avion<\/a><br \/><a href=\"https:\/\/www.grazia.fr\/beaute\/forme-minceur\/voici-le-secret-de-letizia-despagne-pour-garder-la-ligne-apres-50-ans-on-va-adorer-la-recopier-1172372.html?utm_campaign=partenariat&amp;utm_source=yahoo-articles&amp;utm_medium=flux\" rel=\"nofollow noopener\" target=\"_blank\" data-ylk=\"slk:Voici le secret de Letizia d&#039;Espagne pour garder la ligne apr\u00e8s 50 ans (on va adorer la recopier);elm:context_link;itc:0;sec:content-canvas\" class=\"link \">Voici le secret de Letizia d&rsquo;Espagne pour garder la ligne apr\u00e8s 50 ans (on va adorer la recopier)<\/a><br \/><a href=\"https:\/\/www.grazia.fr\/news-et-societe\/news\/voici-ou-risque-de-frapper-la-prochaine-vague-de-chaleur-en-france-1172379.html?utm_campaign=partenariat&amp;utm_source=yahoo-articles&amp;utm_medium=flux\" rel=\"nofollow noopener\" target=\"_blank\" data-ylk=\"slk:Voici o\u00f9 risque de frapper la prochaine vague de chaleur en France;elm:context_link;itc:0;sec:content-canvas\" class=\"link \">Voici o\u00f9 risque de frapper la prochaine vague de chaleur en France<\/a><br \/><a href=\"https:\/\/www.grazia.fr\/beaute\/forme-minceur\/effets-immediats-ou-non-sur-la-peau-lorsquon-arrete-de-consommer-de-lalcool-1172376.html?utm_campaign=partenariat&amp;utm_source=yahoo-articles&amp;utm_medium=flux\" rel=\"nofollow noopener\" target=\"_blank\" data-ylk=\"slk:5 effets (imm\u00e9diats ou non) sur la peau, lorsqu\u2019on arr\u00eate de consommer de l\u2019alcool;elm:context_link;itc:0;sec:content-canvas\" class=\"link \">5 effets (imm\u00e9diats ou non) sur la peau, lorsqu\u2019on arr\u00eate de consommer de l\u2019alcool<\/a><br \/><a href=\"https:\/\/www.grazia.fr\/beaute\/philippine-leroy-beaulieu-62-ans-parfum-marocain-tres-reconfortant-ne-lasse-pas-jaime-beaucoup-1172362.html?utm_campaign=partenariat&amp;utm_source=yahoo-articles&amp;utm_medium=flux\" rel=\"nofollow noopener\" target=\"_blank\" data-ylk=\"slk:Philippine Leroy-Beaulieu (62 ans) : voici le parfum marocain \u201ctr\u00e8s r\u00e9confortant\u201d dont elle ne se lasse pas, \u201cJ\u2019aime beaucoup\u2026\u201d;elm:context_link;itc:0;sec:content-canvas\" class=\"link \">Philippine Leroy-Beaulieu (62 ans) : voici le parfum marocain \u201ctr\u00e8s r\u00e9confortant\u201d dont elle ne se lasse pas, \u201cJ\u2019aime beaucoup\u2026\u201d<\/a><\/p>\n","protected":false},"excerpt":{"rendered":"C\u2019est un sport national pratiqu\u00e9 partout en France, du moins en province. Dire du mal de Paris et&hellip;\n","protected":false},"author":2,"featured_media":245394,"comment_status":"","ping_status":"","sticky":false,"template":"","format":"standard","meta":{"footnotes":""},"categories":[1888],"tags":[11,1777,674,1011,27,4683,12,626,25],"class_list":{"0":"post-245393","1":"post","2":"type-post","3":"status-publish","4":"format-standard","5":"has-post-thumbnail","7":"category-paris","8":"tag-actualites","9":"tag-eu","10":"tag-europe","11":"tag-fr","12":"tag-france","13":"tag-le-marche","14":"tag-news","15":"tag-paris","16":"tag-republique-francaise"},"share_on_mastodon":{"url":"https:\/\/pubeurope.com\/@fr\/114841438285362151","error":""},"_links":{"self":[{"href":"https:\/\/www.europesays.com\/fr\/wp-json\/wp\/v2\/posts\/245393","targetHints":{"allow":["GET"]}}],"collection":[{"href":"https:\/\/www.europesays.com\/fr\/wp-json\/wp\/v2\/posts"}],"about":[{"href":"https:\/\/www.europesays.com\/fr\/wp-json\/wp\/v2\/types\/post"}],"author":[{"embeddable":true,"href":"https:\/\/www.europesays.com\/fr\/wp-json\/wp\/v2\/users\/2"}],"replies":[{"embeddable":true,"href":"https:\/\/www.europesays.com\/fr\/wp-json\/wp\/v2\/comments?post=245393"}],"version-history":[{"count":0,"href":"https:\/\/www.europesays.com\/fr\/wp-json\/wp\/v2\/posts\/245393\/revisions"}],"wp:featuredmedia":[{"embeddable":true,"href":"https:\/\/www.europesays.com\/fr\/wp-json\/wp\/v2\/media\/245394"}],"wp:attachment":[{"href":"https:\/\/www.europesays.com\/fr\/wp-json\/wp\/v2\/media?parent=245393"}],"wp:term":[{"taxonomy":"category","embeddable":true,"href":"https:\/\/www.europesays.com\/fr\/wp-json\/wp\/v2\/categories?post=245393"},{"taxonomy":"post_tag","embeddable":true,"href":"https:\/\/www.europesays.com\/fr\/wp-json\/wp\/v2\/tags?post=245393"}],"curies":[{"name":"wp","href":"https:\/\/api.w.org\/{rel}","templated":true}]}}