{"id":245395,"date":"2025-07-12T17:27:11","date_gmt":"2025-07-12T17:27:11","guid":{"rendered":"https:\/\/www.europesays.com\/fr\/245395\/"},"modified":"2025-07-12T17:27:11","modified_gmt":"2025-07-12T17:27:11","slug":"la-slovaquie-souhaite-parvenir-a-un-accord-avec-lue","status":"publish","type":"post","link":"https:\/\/www.europesays.com\/fr\/245395\/","title":{"rendered":"la Slovaquie souhaite parvenir \u00e0 un accord avec l&rsquo;UE"},"content":{"rendered":"<p>Le Premier ministre slovaque Robert Fico a d\u00e9clar\u00e9\u00a0samedi qu\u2019il cherchait \u00e0 trouver un accord avec la Commission europ\u00e9enne sur la question des sanctions contre la Russie.<\/p>\n<p>La Slovaquie bloque le 18e train de sanctions de l\u2019UE contre Moscou en raison d\u2019un d\u00e9saccord sur une proposition\u00a0distincte de la Commission : l\u2019arr\u00eat de toutes les importations de gaz russe \u00e0 partir de 2028.<\/p>\n<p>Selon Bratislava, cela pourrait entra\u00eener des hausses de prix, des frais de transit, ainsi qu\u2019une demande de dommages et int\u00e9r\u00eats de la part du fournisseur de gaz russe Gazprom.<\/p>\n<p><b class=\"c-widget-related__title__text\">Related<\/b><\/p>\n<p>Robert Fico veut obtenir des garanties de l\u2019UE que la Slovaquie ne souffrira pas trop de l\u2019arr\u00eat des livraisons de gaz russe. Il dit vouloir parvenir \u00e0 un accord avec la Commission d\u2019ici mardi.<\/p>\n","protected":false},"excerpt":{"rendered":"Le Premier ministre slovaque Robert Fico a d\u00e9clar\u00e9\u00a0samedi qu\u2019il cherchait \u00e0 trouver un accord avec la Commission europ\u00e9enne&hellip;\n","protected":false},"author":2,"featured_media":245396,"comment_status":"","ping_status":"","sticky":false,"template":"","format":"standard","meta":{"footnotes":""},"categories":[1591],"tags":[743,11,2196,1887,38523,12,27897,1885,1886,132,14136],"class_list":{"0":"post-245395","1":"post","2":"type-post","3":"status-publish","4":"format-standard","5":"has-post-thumbnail","7":"category-russie","8":"tag-accord","9":"tag-actualites","10":"tag-commission-europeenne","11":"tag-federation-de-russie","12":"tag-la-slovaquie","13":"tag-news","14":"tag-robert-fico","15":"tag-russia","16":"tag-russian-federation","17":"tag-russie","18":"tag-sanctions-contre-la-russie"},"share_on_mastodon":{"url":"https:\/\/pubeurope.com\/@fr\/114841442242638881","error":""},"_links":{"self":[{"href":"https:\/\/www.europesays.com\/fr\/wp-json\/wp\/v2\/posts\/245395","targetHints":{"allow":["GET"]}}],"collection":[{"href":"https:\/\/www.europesays.com\/fr\/wp-json\/wp\/v2\/posts"}],"about":[{"href":"https:\/\/www.europesays.com\/fr\/wp-json\/wp\/v2\/types\/post"}],"author":[{"embeddable":true,"href":"https:\/\/www.europesays.com\/fr\/wp-json\/wp\/v2\/users\/2"}],"replies":[{"embeddable":true,"href":"https:\/\/www.europesays.com\/fr\/wp-json\/wp\/v2\/comments?post=245395"}],"version-history":[{"count":0,"href":"https:\/\/www.europesays.com\/fr\/wp-json\/wp\/v2\/posts\/245395\/revisions"}],"wp:featuredmedia":[{"embeddable":true,"href":"https:\/\/www.europesays.com\/fr\/wp-json\/wp\/v2\/media\/245396"}],"wp:attachment":[{"href":"https:\/\/www.europesays.com\/fr\/wp-json\/wp\/v2\/media?parent=245395"}],"wp:term":[{"taxonomy":"category","embeddable":true,"href":"https:\/\/www.europesays.com\/fr\/wp-json\/wp\/v2\/categories?post=245395"},{"taxonomy":"post_tag","embeddable":true,"href":"https:\/\/www.europesays.com\/fr\/wp-json\/wp\/v2\/tags?post=245395"}],"curies":[{"name":"wp","href":"https:\/\/api.w.org\/{rel}","templated":true}]}}