{"id":245398,"date":"2025-07-12T17:29:15","date_gmt":"2025-07-12T17:29:15","guid":{"rendered":"https:\/\/www.europesays.com\/fr\/245398\/"},"modified":"2025-07-12T17:29:15","modified_gmt":"2025-07-12T17:29:15","slug":"un-americano-palestinien-tue-par-des-colons-israeliens-sa-famille-veut-une-enquete-des-etats-unis-liberation","status":"publish","type":"post","link":"https:\/\/www.europesays.com\/fr\/245398\/","title":{"rendered":"un Am\u00e9ricano-Palestinien tu\u00e9 par des colons isra\u00e9liens, sa famille veut une enqu\u00eate des Etats-Unis \u2013 Lib\u00e9ration"},"content":{"rendered":"<p class=\"sc-ksZaOG ehjQrN text-element\">\u00abC\u2019est un cauchemar inimaginable, une injustice qu\u2019aucune famille ne devrait avoir \u00e0 vivre\u00bb. Voil\u00e0 les mots exprim\u00e9s par la famille de Saif al-Din Musalat, dans un communiqu\u00e9 transmis ce samedi 12 juillet, o\u00f9 elle exige une enqu\u00eate du d\u00e9partement d\u2019\u00c9tat am\u00e9ricain, suite \u00e0 sa mort violente. Cet Am\u00e9ricano-Palestinien de 20 ans habitait en Floride, o\u00f9 il \u00e9tait n\u00e9, et s\u2019\u00e9tait rendu <a href=\"https:\/\/www.liberation.fr\/international\/moyen-orient\/en-cisjordanie-la-destruction-des-camps-de-refugies-menace-lavenir-des-palestiniens-20250622_YCLGHBGVAJCBNCP36NTJ56RBA4\/\" target=\"_blank\" rel=\"nofollow noopener\" title=\"https:\/\/www.liberation.fr\/international\/moyen-orient\/en-cisjordanie-la-destruction-des-camps-de-refugies-menace-lavenir-des-palestiniens-20250622_YCLGHBGVAJCBNCP36NTJ56RBA4\/\">en Cisjordanie<\/a> d\u00e9but juin \u00abpour passer du temps avec ses proches\u00bb, ont-ils d\u00e9clar\u00e9.<\/p>\n<p class=\"sc-ksZaOG ehjQrN text-element\">\u00abNous exigeons que le d\u00e9partement d\u2019Etat am\u00e9ricain m\u00e8ne imm\u00e9diatement une enqu\u00eate et que <a href=\"https:\/\/www.liberation.fr\/international\/moyen-orient\/en-cisjordanie-occupee-masafer-yatta-ou-le-far-west-de-la-colonisation-israelienne-20250406_IMOIPO53RJA57AUEXOX2HOXYEY\/\" target=\"_blank\" rel=\"noreferrer nofollow noopener\" title=\"https:\/\/www.liberation.fr\/international\/moyen-orient\/en-cisjordanie-occupee-masafer-yatta-ou-le-far-west-de-la-colonisation-israelienne-20250406_IMOIPO53RJA57AUEXOX2HOXYEY\/\">les colons isra\u00e9liens<\/a> qui ont tu\u00e9 Saif soient tenus responsables de leurs crimes\u00bb, affirme aussi le texte. <\/p>\n<p class=\"sc-ksZaOG ehjQrN text-element\">Le minist\u00e8re de la Sant\u00e9 de l\u2019Autorit\u00e9 palestinienne a annonc\u00e9 vendredi que Saif al-Din Musalat \u00e9tait mort \u00abapr\u00e8s avoir \u00e9t\u00e9 <a href=\"https:\/\/www.liberation.fr\/international\/moyen-orient\/ils-avaient-des-couteaux-des-armes-a-feu-lhorreur-de-lattaque-de-colons-israeliens-en-cisjordanie-suscite-un-tolle-international-20240816_BIJ6GVCANZFX7L3R4MB3YDTL4U\/\" target=\"_blank\" rel=\"noreferrer nofollow noopener\" title=\"https:\/\/www.liberation.fr\/international\/moyen-orient\/ils-avaient-des-couteaux-des-armes-a-feu-lhorreur-de-lattaque-de-colons-israeliens-en-cisjordanie-suscite-un-tolle-international-20240816_BIJ6GVCANZFX7L3R4MB3YDTL4U\/\">violemment battu<\/a>, sur l\u2019ensemble du corps, par des colons\u00bb dans le village de Sinjil, au nord de Ramallah. <\/p>\n<p class=\"sc-ksZaOG ehjQrN text-element\">Il a \u00e9t\u00e9 \u00abbrutalement battu \u00e0 mort [\u2026] alors qu\u2019il prot\u00e9geait les terres de sa famille contre des colons qui tentaient de les voler\u00bb, soutiennent ses proches. <\/p>\n<p class=\"sc-ksZaOG ehjQrN text-element\">L\u2019arm\u00e9e isra\u00e9lienne a fait savoir vendredi soir qu\u2019une \u00abviolente confrontation\u00bb avait \u00e9clat\u00e9 apr\u00e8s que deux civils isra\u00e9liens ont \u00e9t\u00e9 \u00abl\u00e9g\u00e8rement bless\u00e9s\u00bb par des jets de pierres. Elle a \u00e9voqu\u00e9 \u00abdes actes de vandalisme contre des biens palestiniens, des incendies volontaires, des affrontements physiques et des jets de pierres\u00bb.<\/p>\n<p class=\"sc-ksZaOG ehjQrN text-element\">Les autorit\u00e9s palestiniennes ont annonc\u00e9 dans la nuit qu\u2019un deuxi\u00e8me Palestinien de 23 ans, Mohammed Rizq Hussein al-Shalabi, \u00e9tait mort au cours de ces m\u00eames affrontements \u00abdes suites d\u2019une blessure par balle \u00e0 la poitrine\u00bb. <\/p>\n<p class=\"sc-ksZaOG ehjQrN text-element\"><a href=\"https:\/\/www.liberation.fr\/international\/moyen-orient\/en-cisjordanie-lindignation-apres-le-meurtre-de-quatre-jeunes-palestiniens-resonne-au-dela-des-murs-20250626_UCIAXVQNAZGJDBH6DEC6A3FJSU\/\" target=\"_blank\" rel=\"nofollow noopener\" title=\"https:\/\/www.liberation.fr\/international\/moyen-orient\/en-cisjordanie-lindignation-apres-le-meurtre-de-quatre-jeunes-palestiniens-resonne-au-dela-des-murs-20250626_UCIAXVQNAZGJDBH6DEC6A3FJSU\/\">Les violences ont flamb\u00e9 en Cisjordanie<\/a>, territoire occup\u00e9 depuis 1967 par Isra\u00ebl, depuis le d\u00e9but de la guerre dans la bande de Gaza, d\u00e9clench\u00e9e par l\u2019attaque du mouvement islamiste palestinien Hamas sur le sol isra\u00e9lien le 7 octobre 2023.<\/p>\n<p class=\"sc-ksZaOG ehjQrN text-element\">Au moins 955 Palestiniens, parmi lesquels de nombreux combattants, mais aussi beaucoup de civils, y ont \u00e9t\u00e9 tu\u00e9s par des soldats ou des colons isra\u00e9liens, selon un d\u00e9compte de l\u2019AFP \u00e0 partir de donn\u00e9es de l\u2019Autorit\u00e9 palestinienne. Dans le m\u00eame temps, au moins 36 Isra\u00e9liens, parmi lesquels des civils et des soldats, y ont \u00e9t\u00e9 tu\u00e9s dans des attaques palestiniennes ou lors d\u2019op\u00e9rations militaires isra\u00e9liennes, selon les donn\u00e9es officielles de l\u2019\u00c9tat h\u00e9breu.<\/p>\n","protected":false},"excerpt":{"rendered":"\u00abC\u2019est un cauchemar inimaginable, une injustice qu\u2019aucune famille ne devrait avoir \u00e0 vivre\u00bb. Voil\u00e0 les mots exprim\u00e9s par&hellip;\n","protected":false},"author":2,"featured_media":245399,"comment_status":"","ping_status":"","sticky":false,"template":"","format":"standard","meta":{"footnotes":""},"categories":[1589],"tags":[11,2486,73,1866,664,3523,12,3518,1864,1865,1863,308],"class_list":{"0":"post-245398","1":"post","2":"type-post","3":"status-publish","4":"format-standard","5":"has-post-thumbnail","7":"category-etats-unis","8":"tag-actualites","9":"tag-cisjordanie","10":"tag-etats-unis","11":"tag-etats-unis-damerique","12":"tag-israel","13":"tag-israel-palestine-conflit","14":"tag-news","15":"tag-palestine","16":"tag-united-states","17":"tag-united-states-of-america","18":"tag-us","19":"tag-usa"},"share_on_mastodon":{"url":"https:\/\/pubeurope.com\/@fr\/114841450363788252","error":""},"_links":{"self":[{"href":"https:\/\/www.europesays.com\/fr\/wp-json\/wp\/v2\/posts\/245398","targetHints":{"allow":["GET"]}}],"collection":[{"href":"https:\/\/www.europesays.com\/fr\/wp-json\/wp\/v2\/posts"}],"about":[{"href":"https:\/\/www.europesays.com\/fr\/wp-json\/wp\/v2\/types\/post"}],"author":[{"embeddable":true,"href":"https:\/\/www.europesays.com\/fr\/wp-json\/wp\/v2\/users\/2"}],"replies":[{"embeddable":true,"href":"https:\/\/www.europesays.com\/fr\/wp-json\/wp\/v2\/comments?post=245398"}],"version-history":[{"count":0,"href":"https:\/\/www.europesays.com\/fr\/wp-json\/wp\/v2\/posts\/245398\/revisions"}],"wp:featuredmedia":[{"embeddable":true,"href":"https:\/\/www.europesays.com\/fr\/wp-json\/wp\/v2\/media\/245399"}],"wp:attachment":[{"href":"https:\/\/www.europesays.com\/fr\/wp-json\/wp\/v2\/media?parent=245398"}],"wp:term":[{"taxonomy":"category","embeddable":true,"href":"https:\/\/www.europesays.com\/fr\/wp-json\/wp\/v2\/categories?post=245398"},{"taxonomy":"post_tag","embeddable":true,"href":"https:\/\/www.europesays.com\/fr\/wp-json\/wp\/v2\/tags?post=245398"}],"curies":[{"name":"wp","href":"https:\/\/api.w.org\/{rel}","templated":true}]}}