{"id":245400,"date":"2025-07-12T17:30:20","date_gmt":"2025-07-12T17:30:20","guid":{"rendered":"https:\/\/www.europesays.com\/fr\/245400\/"},"modified":"2025-07-12T17:30:20","modified_gmt":"2025-07-12T17:30:20","slug":"on-vous-explique-laccord-dechange-un-pour-un-trouve-entre-londres-et-paris","status":"publish","type":"post","link":"https:\/\/www.europesays.com\/fr\/245400\/","title":{"rendered":"On vous explique l\u2019accord d\u2019\u00e9change \u00ab\u00a0un pour un\u00a0\u00bb trouv\u00e9 entre Londres et Paris"},"content":{"rendered":"<p>Face \u00e0 des travers\u00e9es ill\u00e9gales record de la <a href=\"https:\/\/www.20minutes.fr\/dossier\/manche\" target=\"_blank\" class=\"color-ultramarine c-link\" rel=\"noopener\">Manche<\/a>, la France et le Royaume-Uni ont annonc\u00e9 jeudi un projet in\u00e9dit d\u2019\u00e9change de <a href=\"https:\/\/www.20minutes.fr\/dossier\/migrants\" target=\"_blank\" class=\"color-ultramarine c-link\" rel=\"noopener\">migrants<\/a>, dans l\u2019espoir d\u2019enrayer un ph\u00e9nom\u00e8ne devenu explosif des deux c\u00f4t\u00e9s du d\u00e9troit. Ce dispositif pilote, conclu \u00e0 l\u2019issue de la visite d\u2019Etat d\u2019<a href=\"https:\/\/www.20minutes.fr\/politique\/emmanuel-macron\/\" target=\"_blank\" class=\"color-ultramarine c-link\" rel=\"noopener\">Emmanuel Macron<\/a> \u00e0 Londres, repose sur un principe in\u00e9dit\u00a0: un migrant expuls\u00e9 contre un migrant accueilli.<\/p>\n<p>Concr\u00e8tement, un migrant arriv\u00e9 ill\u00e9galement au <a href=\"https:\/\/www.20minutes.fr\/monde\/royaume-uni\/\" target=\"_blank\" class=\"color-ultramarine c-link\" rel=\"noopener\">Royaume-Uni<\/a> par bateau pourra \u00eatre renvoy\u00e9 en France, tandis que Londres s\u2019engage \u00e0 accepter un migrant actuellement en France, \u00e0 condition que celui-ci exprime sa volont\u00e9 de s\u2019installer au Royaume-Uni via une plateforme en ligne, et qu\u2019il justifie de liens familiaux ou personnels avec le pays. Ce syst\u00e8me \u00ab\u00a0un pour un\u00a0\u00bb doit encore \u00eatre valid\u00e9 par la <a href=\"https:\/\/www.20minutes.fr\/dossier\/commission_europeenne\" target=\"_blank\" class=\"color-ultramarine c-link\" rel=\"noopener\">Commission europ\u00e9enne<\/a> avant d\u2019\u00eatre formellement ent\u00e9rin\u00e9.<\/p>\n<p>Un accord \u00ab\u00a0r\u00e9volutionnaire\u00a0\u00bb selon Starmer<\/p>\n<p>Le Premier ministre britannique <a href=\"https:\/\/www.20minutes.fr\/monde\/keir-starmer\/\" target=\"_blank\" class=\"color-ultramarine c-link\" rel=\"noopener\">Keir Starmer<\/a> a salu\u00e9 un accord \u00ab\u00a0r\u00e9volutionnaire\u00a0\u00bb\u00a0: \u00ab\u00a0Pour la premi\u00e8re fois, les migrants arrivant par petits bateaux seront arr\u00eat\u00e9s puis renvoy\u00e9s rapidement en France.\u00a0\u00bb Il esp\u00e8re une mise en \u0153uvre \u00ab\u00a0dans les prochaines semaines\u00a0\u00bb, dans un contexte politique tendu marqu\u00e9 par la perc\u00e9e du parti anti-immigration Reform UK de Nigel Farage.<\/p>\n<\/p>\n<p>Plus de 21.000 personnes ont d\u00e9j\u00e0 franchi ill\u00e9galement la Manche depuis le d\u00e9but de l\u2019ann\u00e9e, un record qui renforce la pression sur le nouveau gouvernement travailliste. Selon certaines sources, le dispositif pourrait concerner environ 50 migrants par semaine, un chiffre jug\u00e9 d\u00e9risoire par l\u2019opposition conservatrice, mais qui n\u2019a pas \u00e9t\u00e9 confirm\u00e9 officiellement.<\/p>\n<p>Pas d\u2019accord avec l\u2019UE depuis le Brexit<\/p>\n<p>C\u00f4t\u00e9 fran\u00e7ais, <a href=\"https:\/\/www.20minutes.fr\/politique\/emmanuel-macron\/\" target=\"_blank\" class=\"color-ultramarine c-link\" rel=\"noopener\">Emmanuel Macron<\/a> a point\u00e9 les effets du <a href=\"https:\/\/www.20minutes.fr\/monde\/brexit\/\" target=\"_blank\" class=\"color-ultramarine c-link\" rel=\"noopener\">Brexit<\/a>, rappelant qu\u2019il n\u2019existe \u00ab\u00a0aucun accord migratoire avec l\u2019Union europ\u00e9enne\u00a0\u00bb depuis la sortie du Royaume-Uni. Une faille juridique, selon lui, qui alimente les tentatives de travers\u00e9e. \u00ab\u00a0Ce projet pilote exercera un effet tr\u00e8s dissuasif sur le mod\u00e8le des passeurs et sur les travers\u00e9es\u00a0\u00bb, a-t-il expliqu\u00e9.<\/p>\n<p><a href=\"https:\/\/www.20minutes.fr\/dossier\/immigration\" target=\"_blank\" class=\"c-link c-btn c-btn--primary\" rel=\"noopener\">Notre dossier sur l&rsquo;immigration<\/a><\/p>\n<p>L\u2019accord, fruit de longues n\u00e9gociations bilat\u00e9rales, marque un tournant dans la coop\u00e9ration migratoire franco-britannique, en panne depuis des ann\u00e9es.<\/p>\n","protected":false},"excerpt":{"rendered":"Face \u00e0 des travers\u00e9es ill\u00e9gales record de la Manche, la France et le Royaume-Uni ont annonc\u00e9 jeudi un&hellip;\n","protected":false},"author":2,"featured_media":245401,"comment_status":"","ping_status":"","sticky":false,"template":"","format":"standard","meta":{"footnotes":""},"categories":[1588],"tags":[47,11,1353,1073,1777,674,27,1061,6734,2581,14653,74,12,5161,473,1853,1851,1850,1852],"class_list":{"0":"post-245400","1":"post","2":"type-post","3":"status-publish","4":"format-standard","5":"has-post-thumbnail","7":"category-royaume-uni","8":"tag-actualite","9":"tag-actualites","10":"tag-brexit","11":"tag-emmanuel-macron","12":"tag-eu","13":"tag-europe","14":"tag-france","15":"tag-immigration","16":"tag-immigration-clandestine","17":"tag-keir-starmer","18":"tag-manche","19":"tag-monde","20":"tag-news","21":"tag-normandie","22":"tag-royaume-uni","23":"tag-royaume-uni-de-grande-bretagne-et-dirlande-du-nord","24":"tag-uk","25":"tag-united-kingdom","26":"tag-united-kingdom-of-great-britain-and-northern-ireland"},"share_on_mastodon":{"url":"https:\/\/pubeurope.com\/@fr\/114841454321386355","error":""},"_links":{"self":[{"href":"https:\/\/www.europesays.com\/fr\/wp-json\/wp\/v2\/posts\/245400","targetHints":{"allow":["GET"]}}],"collection":[{"href":"https:\/\/www.europesays.com\/fr\/wp-json\/wp\/v2\/posts"}],"about":[{"href":"https:\/\/www.europesays.com\/fr\/wp-json\/wp\/v2\/types\/post"}],"author":[{"embeddable":true,"href":"https:\/\/www.europesays.com\/fr\/wp-json\/wp\/v2\/users\/2"}],"replies":[{"embeddable":true,"href":"https:\/\/www.europesays.com\/fr\/wp-json\/wp\/v2\/comments?post=245400"}],"version-history":[{"count":0,"href":"https:\/\/www.europesays.com\/fr\/wp-json\/wp\/v2\/posts\/245400\/revisions"}],"wp:featuredmedia":[{"embeddable":true,"href":"https:\/\/www.europesays.com\/fr\/wp-json\/wp\/v2\/media\/245401"}],"wp:attachment":[{"href":"https:\/\/www.europesays.com\/fr\/wp-json\/wp\/v2\/media?parent=245400"}],"wp:term":[{"taxonomy":"category","embeddable":true,"href":"https:\/\/www.europesays.com\/fr\/wp-json\/wp\/v2\/categories?post=245400"},{"taxonomy":"post_tag","embeddable":true,"href":"https:\/\/www.europesays.com\/fr\/wp-json\/wp\/v2\/tags?post=245400"}],"curies":[{"name":"wp","href":"https:\/\/api.w.org\/{rel}","templated":true}]}}