{"id":245402,"date":"2025-07-12T17:31:18","date_gmt":"2025-07-12T17:31:18","guid":{"rendered":"https:\/\/www.europesays.com\/fr\/245402\/"},"modified":"2025-07-12T17:31:18","modified_gmt":"2025-07-12T17:31:18","slug":"horaires-programme-tv-et-resultats","status":"publish","type":"post","link":"https:\/\/www.europesays.com\/fr\/245402\/","title":{"rendered":"Horaires, Programme TV et R\u00e9sultats"},"content":{"rendered":"<p style=\"text-align: justify;\"><strong>Retrouvez ici le programme TV complet, les horaires des essais, qualifications et course, ainsi que les r\u00e9sultats en temps r\u00e9el du Grand Prix d\u2019Allemagne 2025 de MotoGP.\u00a0<\/strong><\/p>\n<p style=\"text-align: justify;\">Le <strong>Grand Prix d\u2019Allemagne 2025 de MotoGP<\/strong> se d\u00e9roule du <strong>vendredi 11 au dimanche 13 juillet<\/strong>, sur le circuit du Sachsenring. Soyez incollables avant la 11\u00e8me manche du <a href=\"https:\/\/dicodusport.fr\/blog\/actualites\/sports-mecaniques\/moto\/motogp-2025\/\" target=\"_blank\" rel=\"noopener\"><strong>Championnat du monde de MotoGP 2025<\/strong><\/a>. Ne manquez rien du <strong>Grand Prix d\u2019Allemagne <\/strong>:\u00a0performances des pilotes, analyses et classements actualis\u00e9s. Tout ce qu\u2019il faut savoir pour suivre le <strong>GP d\u2019Allemagne <\/strong>en direct !<\/p>\n<p>L\u2019Histoire du Grand Prix d\u2019Allemagne de MotoGP<\/p>\n<p style=\"text-align: justify;\">Le\u00a0<strong>Grand Prix d\u2019Allemagne<\/strong>\u00a0est une \u00e9tape incontournable du championnat du monde de MotoGP, qui est inscrite au calendrier depuis 1952. Il s\u2019est d\u2019abord d\u00e9roul\u00e9 en alternance entre le circuit de\u00a0<strong>Hockenheim<\/strong>\u00a0et du\u00a0<strong>Nurburgring<\/strong>. C\u2019est \u00e0 partir de 1998 que le circuit du\u00a0<strong>Sachsenring<\/strong>\u00a0a \u00e9t\u00e9 adopt\u00e9. Il est si particulier que peu de pilotes savent s\u2019y imposer. On l\u2019appelle le royaume de\u00a0<strong>Marc Marquez<\/strong>,\u00a0puisque l\u2019Espagnol compte 8 victoires d\u2019affil\u00e9e entre 2013 et 2021. Avant lui, c\u2019est\u00a0<strong>Dani Pedrosa<\/strong>\u00a0qui comptait 4 victoires (2007, 2010, 2011 et 2012).\u00a0<strong>Valentino Rossi<\/strong>\u00a0a aussi gagn\u00e9 quatre fois (2002, 2005, 2006 et 2009).<\/p>\n<p style=\"text-align: justify;\">L\u2019\u00e9dition de 2022 avait \u00e9t\u00e9 remport\u00e9e par le Fran\u00e7ais\u00a0<strong>Fabio Quartararo<\/strong>\u00a0(Yamaha) pour un doubl\u00e9 tricolore avec\u00a0<strong>Johann Zarco<\/strong> (Pramac Ducati) en deuxi\u00e8me position. <b>Aleix Espargar\u00f3<\/b>\u00a0(Aprilia) compl\u00e9tait le podium. En 2023, la victoire a \u00e9t\u00e9 remport\u00e9e par <strong>Jorge Martin<\/strong>\u00a0apr\u00e8s une longue bataille avec\u00a0<strong>Francesco Bagnaia<\/strong>. \u00c0 l\u2019inverse, la derni\u00e8re \u00e9dition en date de 2024 a \u00e9t\u00e9 glan\u00e9e par <strong>Francesco Bagnaia<\/strong> apr\u00e8s la chute de <strong>Jorge Martin<\/strong>.<\/p>\n<p><a href=\"https:\/\/dicodusport.fr\/blog\/motogp-allemagne-2024-victoire-de-francesco-bagnaia-apres-la-chute-de-jorge-martin\/\" class=\"vlp-link\" title=\"MotoGP Allemagne 2024 : Victoire de Francesco Bagnaia apr\u00e8s la chute de Jorge Martin\" target=\"_blank\" rel=\"noopener\"><img loading=\"lazy\" decoding=\"async\" style=\"max-width: 792px;\" width=\"792\" height=\"445\" class=\"attachment-800x445 size-800x445 perfmatters-lazy\" alt=\"MotoGP Allemagne 2024 Victoire de Francesco Bagnaia apr\u00e8s la chute de Jorge Martin (1)\" src=\"https:\/\/www.europesays.com\/fr\/wp-content\/uploads\/2025\/07\/MotoGP-Allemagne-2024-Victoire-de-Francesco-Bagnaia-apres-la-chute-de-Jorge-Martin-1.png\"  data-\/><\/p>\n<p>MotoGP Allemagne 2024 : Victoire de Francesco Bagnaia apr\u00e8s la chute de Jorge Martin<\/p>\n<p>Victoire de Francesco Bagnaia apr\u00e8s la chute de Jorge Martin.<\/p>\n<p>Lire l&rsquo;article<\/p>\n<p>dicodusport.fr<\/p>\n<p>Les sp\u00e9cificit\u00e9s du circuit d\u2019Allemagne de MotoGP \u2013 Sachsenring<\/p>\n<p style=\"text-align: justify;\">Un tour de ce circuit, c\u2019est 3,7 km ! Le\u00a0<strong>circuit du Sachsenring\u00a0<\/strong>se trouve \u00e0 l\u2019est de l\u2019Allemagne, au sud de la ville de Leipzig. Le trac\u00e9 comporte 13 virages, dont 10 \u00e0 gauche et 3 \u00e0 droite. Il est consid\u00e9r\u00e9 comme l\u2019un des circuits les plus particuliers et mythiques des sports m\u00e9caniques. La course se d\u00e9roulera sur 30 tours, soit environ 110 km. La plus longue ligne droite mesure seulement 700 m, o\u00f9 les pilotes atteignent g\u00e9n\u00e9ralement les 300 km\/h.<\/p>\n<p><img loading=\"lazy\" decoding=\"async\" aria-describedby=\"caption-attachment-232958\" class=\"wp-image-232958 size-full perfmatters-lazy\" alt=\"MotoGP - Sachsenring - Grand Prix d'Allemagne\" width=\"798\" height=\"514\" src=\"https:\/\/www.europesays.com\/fr\/wp-content\/uploads\/2025\/07\/MotoGP-Sachsenring-Grand-Prix-dAllemagne.png\"  data-\/><\/p>\n<p id=\"caption-attachment-232958\" class=\"wp-caption-text\">MotoGP \u2013 Sachsenring \u2013 Grand Prix d\u2019Allemagne<\/p>\n<p style=\"text-align: justify;\">Du c\u00f4t\u00e9 de la m\u00e9t\u00e9o, le soleil est attendu tout le week-end. Manifestement, les temp\u00e9ratures devraient osciller entre 25 et 27 degr\u00e9s durant les trois jours, le circuit devrait donc rester au sec pour les essais et les courses.<\/p>\n<p>MotoGP Grand Prix d\u2019Allemagne 2025 \u2013 Programme TV et horaires<\/p>\n<p>Les enjeux du Grand Prix d\u2019Allemagne de MotoGP<\/p>\n<p style=\"text-align: justify;\">Cette manche est la onzi\u00e8me du championnat de monde de MotoGP 2025. Apr\u00e8s dix courses, plusieurs questions ont re\u00e7u des r\u00e9ponses, et notamment concernant l\u2019arriv\u00e9e de <strong>Marc M\u00e1rquez<\/strong>\u00a0chez Ducati aux c\u00f4t\u00e9s de <strong>Francesco Bagnaia.<\/strong> Il a remport\u00e9 toutes les courses (sprint + GP) depuis le d\u00e9but de l\u2019ann\u00e9e, sauf celles d\u2019Austin dans laquelle il a chut\u00e9, d\u2019Espagne, de France et de Grande-Bretagne. Le champion du monde en titre, <strong>Jorge Mart\u00edn<\/strong><strong>, <\/strong>est lui parti de chez Pramac Ducati pour Aprilia et a fait sa rentr\u00e9e au Qatar apr\u00e8s avoir subi une fracture de la main droite et du pied gauche. N\u00e9anmoins, l\u2019Espagnol a rechut\u00e9 aux \u00c9tats-Unis. Il reviendra cependant la semaine prochaine avec son \u00e9quipe pour disputer le Grand Prix de R\u00e9publique Tch\u00e8que.<\/p>\n<p>\n<a href=\"https:\/\/dicodusport.fr\/blog\/offres\/abonnements-sans-pub\/\" target=\"_blank\" rel=\"noopener\"><img loading=\"lazy\" decoding=\"async\" class=\"alignnone size-full wp-image-501284 perfmatters-lazy\" alt=\"\" width=\"1200\" height=\"200\" src=\"https:\/\/www.europesays.com\/fr\/wp-content\/uploads\/2025\/04\/Abonnements-sans-pubs-Dicodusport.png\"\/><\/a><\/p>\n<p style=\"text-align: justify;\">De son c\u00f4t\u00e9, <strong>Francesco Bagnaia<\/strong> a donc repris son ancien num\u00e9ro, le 63, et n\u2019arrive pas \u00e0 briller comme avant. N\u00e9anmoins, son co\u00e9quipier lui m\u00e8ne la vie dure. Un autre outsider a \u00e9merg\u00e9 cette saison :<strong> \u00c1lex M\u00e1rquez\u00a0<\/strong>(Gresini). Le fr\u00e8re de l\u2019octuple champion du monde a conquis sa premi\u00e8re victoire en Espagne. Il compte 239 points au classement pilote, soit 68 de moins que son fr\u00e8re qui le m\u00e8ne. Trois rookies ont d\u00e9but\u00e9 dans la cat\u00e9gorie, dont deux pilotes asiatiques. Le Tha\u00eflandais <strong>Somkiat Chantra<\/strong> est pilote chez LCR Honda, l\u2019Espagnol <strong>Ferm\u00edn Aldeguer<\/strong> chez Gresini Racing, qui continue d\u2019impressionner, et enfin le Japonais <strong>Ai Ogura<\/strong> chez Trackhouse MotoGP Team.<\/p>\n<p>\n<a href=\"https:\/\/dicodusport.fr\/blog\/offres\/abonnements-sans-pub\/\" target=\"_blank\" rel=\"noopener\"><img loading=\"lazy\" decoding=\"async\" class=\"alignnone size-full wp-image-501296 perfmatters-lazy\" alt=\"\" width=\"400\" height=\"400\" src=\"https:\/\/www.europesays.com\/fr\/wp-content\/uploads\/2025\/04\/Abonnements-sans-pubs-Dicodusport-mobile.png\"\/><\/a><\/p>\n<p style=\"text-align: justify;\">Enfin, deux pilotes fran\u00e7ais sont encore pr\u00e9sents cette ann\u00e9e. <strong>Fabio Quartararo<\/strong>, champion du monde 2021, est toujours dans l\u2019\u00e9quipe officielle Yamaha. Apr\u00e8s trois ans difficiles, la moto semble avoir fait des progr\u00e8s d\u2019apr\u00e8s les derniers r\u00e9sultats. Il a d\u2019ailleurs termin\u00e9 deuxi\u00e8me de la course en Espagne apr\u00e8s plus de deux ans sans podium. Il a \u00e9galement r\u00e9alis\u00e9 quatre pole position d\u00e9j\u00e0 cette saison. Une autre \u00e9curie d\u2019usine a rejoint Yamaha, il s\u2019agit de <strong>Pramac<\/strong>. L\u2019ancienne \u00e9curie motoris\u00e9e par Ducati s\u2019est alli\u00e9e au constructeur japonais et emploie deux pilotes exp\u00e9riment\u00e9s : <strong>Jack Miller<\/strong> et <strong>Miguel Oliveira<\/strong>.<\/p>\n<p style=\"text-align: justify;\">L\u2019autre Fran\u00e7ais, <strong>Johann Zarco<\/strong>, entame sa deuxi\u00e8me ann\u00e9e chez LCR Honda et continue de vouloir faire revenir la marque au meilleur niveau. De plus, il a m\u00eame r\u00e9ussi \u00e0 terminer 7\u00e8me puis 6\u00e8me des deux premi\u00e8res courses de la saison. <a href=\"https:\/\/dicodusport.fr\/blog\/motogp-france-2025-johann-zarco-cree-lexploit-et-remporte-le-grand-prix-au-mans\/\" target=\"_blank\" rel=\"noopener\">Il a m\u00eame profit\u00e9 de sa capacit\u00e9 \u00e0 exceller sur piste mouill\u00e9e pour remporter le Grand Prix de France<\/a> il y a plus de deux mois, historique ! Enfin, <strong>Joan Mir<\/strong> et <strong>Luca Marini<\/strong> sont eux chez Honda HRC Castrol.<\/p>\n","protected":false},"excerpt":{"rendered":"Retrouvez ici le programme TV complet, les horaires des essais, qualifications et course, ainsi que les r\u00e9sultats en&hellip;\n","protected":false},"author":2,"featured_media":245403,"comment_status":"","ping_status":"","sticky":false,"template":"","format":"standard","meta":{"footnotes":""},"categories":[1587],"tags":[11,672,2113,1804,1805,1803,1777,674,1801,38524,1458,37785,12,1802],"class_list":{"0":"post-245402","1":"post","2":"type-post","3":"status-publish","4":"format-standard","5":"has-post-thumbnail","7":"category-allemagne","8":"tag-actualites","9":"tag-allemagne","10":"tag-breve","11":"tag-bundesrepublik-deutschland","12":"tag-de","13":"tag-deutschland","14":"tag-eu","15":"tag-europe","16":"tag-germany","17":"tag-grand-prix-dallemagne-motogp","18":"tag-motogp","19":"tag-motogp-allemagne","20":"tag-news","21":"tag-republique-federale-dallemagne"},"share_on_mastodon":{"url":"https:\/\/pubeurope.com\/@fr\/114841458178906488","error":""},"_links":{"self":[{"href":"https:\/\/www.europesays.com\/fr\/wp-json\/wp\/v2\/posts\/245402","targetHints":{"allow":["GET"]}}],"collection":[{"href":"https:\/\/www.europesays.com\/fr\/wp-json\/wp\/v2\/posts"}],"about":[{"href":"https:\/\/www.europesays.com\/fr\/wp-json\/wp\/v2\/types\/post"}],"author":[{"embeddable":true,"href":"https:\/\/www.europesays.com\/fr\/wp-json\/wp\/v2\/users\/2"}],"replies":[{"embeddable":true,"href":"https:\/\/www.europesays.com\/fr\/wp-json\/wp\/v2\/comments?post=245402"}],"version-history":[{"count":0,"href":"https:\/\/www.europesays.com\/fr\/wp-json\/wp\/v2\/posts\/245402\/revisions"}],"wp:featuredmedia":[{"embeddable":true,"href":"https:\/\/www.europesays.com\/fr\/wp-json\/wp\/v2\/media\/245403"}],"wp:attachment":[{"href":"https:\/\/www.europesays.com\/fr\/wp-json\/wp\/v2\/media?parent=245402"}],"wp:term":[{"taxonomy":"category","embeddable":true,"href":"https:\/\/www.europesays.com\/fr\/wp-json\/wp\/v2\/categories?post=245402"},{"taxonomy":"post_tag","embeddable":true,"href":"https:\/\/www.europesays.com\/fr\/wp-json\/wp\/v2\/tags?post=245402"}],"curies":[{"name":"wp","href":"https:\/\/api.w.org\/{rel}","templated":true}]}}