{"id":245412,"date":"2025-07-12T17:36:16","date_gmt":"2025-07-12T17:36:16","guid":{"rendered":"https:\/\/www.europesays.com\/fr\/245412\/"},"modified":"2025-07-12T17:36:16","modified_gmt":"2025-07-12T17:36:16","slug":"en-mayenne-au-cul-des-vaches-lautre-peuple-des-bas-cotes-liberation","status":"publish","type":"post","link":"https:\/\/www.europesays.com\/fr\/245412\/","title":{"rendered":"en Mayenne au cul des vaches, l\u2019autre peuple des bas-c\u00f4t\u00e9s \u2013 Lib\u00e9ration"},"content":{"rendered":"<p class=\"sc-ksZaOG ehjQrN text-element\">Un jour, une vache a plant\u00e9 ses yeux pleins de qui\u00e9tude dans ceux de <a href=\"https:\/\/www.liberation.fr\/sports\/2018\/07\/11\/warren-barguil-grimpeur-double-face_1665812\/\" target=\"_blank\" rel=\"nofollow noopener\" title=\"https:\/\/www.liberation.fr\/sports\/2018\/07\/11\/warren-barguil-grimpeur-double-face_1665812\/\">Warren Barguil<\/a>. Il \u00e9tait alors un jeune coureur, en solitaire dans une descente du Tourmalet, lors d\u2019un Tour voil\u00e0 une d\u00e9cennie. Au croisement de leurs regards, le coureur a pens\u00e9\u00a0: \u00abEst-ce qu\u2019elle va avancer\u00a0?\u00bb Planter ses cornes dans sa peau sans couenne\u00a0? Le flanquer dans le vide\u00a0? Lui meugler au nez\u00a0? La vache a la vision paresseuse. En saccade mais sans h\u00e2te, une image par une image. Au premier flash, celle du Tourmalet a vu ce gamin, le cul lev\u00e9 de sa selle et pos\u00e9 sur le cadre, le buste coll\u00e9 au guidon de sa monture, per\u00e7ant la montagne \u00e0 90\u00a0km\/h. Elle a ralenti sa travers\u00e9e de la route et le coureur lui a fil\u00e9 devant. Au deuxi\u00e8me flash, elle a vu la moto de France T\u00e9l\u00e9s qui suivait Barguil. Elle a dit\u00a0: \u00abToi, attends une seconde.\u00bb Puis elle a saut\u00e9 sur le bas-c\u00f4t\u00e9.<\/p>\n<p class=\"sc-ksZaOG ehjQrN text-element\">Ce samedi 12\u00a0juillet, le goudron de la route du Tour a rissol\u00e9. Le peloton est rest\u00e9 gr\u00e9gaire pour cette \u00e9tape de \u00abtransition\u00bb depuis Saint-M\u00e9en-le-Grand (Ille-et-Vilaine). Il a franchi les fourrag\u00e8res, les pr\u00e9s parfois vid\u00e9s de leur population, les champs roux de chaume. Une br\u00e8che dans le territoire rural et agricole de la Mayenne, d\u00e9partement qui compte \u00e0 la fois p<\/p>\n","protected":false},"excerpt":{"rendered":"Un jour, une vache a plant\u00e9 ses yeux pleins de qui\u00e9tude dans ceux de Warren Barguil. Il \u00e9tait&hellip;\n","protected":false},"author":2,"featured_media":245413,"comment_status":"","ping_status":"","sticky":false,"template":"","format":"standard","meta":{"footnotes":""},"categories":[4],"tags":[11,1011,27,12,25,210],"class_list":{"0":"post-245412","1":"post","2":"type-post","3":"status-publish","4":"format-standard","5":"has-post-thumbnail","7":"category-france","8":"tag-actualites","9":"tag-fr","10":"tag-france","11":"tag-news","12":"tag-republique-francaise","13":"tag-tour-de-france"},"share_on_mastodon":{"url":"https:\/\/pubeurope.com\/@fr\/114841477668741881","error":""},"_links":{"self":[{"href":"https:\/\/www.europesays.com\/fr\/wp-json\/wp\/v2\/posts\/245412","targetHints":{"allow":["GET"]}}],"collection":[{"href":"https:\/\/www.europesays.com\/fr\/wp-json\/wp\/v2\/posts"}],"about":[{"href":"https:\/\/www.europesays.com\/fr\/wp-json\/wp\/v2\/types\/post"}],"author":[{"embeddable":true,"href":"https:\/\/www.europesays.com\/fr\/wp-json\/wp\/v2\/users\/2"}],"replies":[{"embeddable":true,"href":"https:\/\/www.europesays.com\/fr\/wp-json\/wp\/v2\/comments?post=245412"}],"version-history":[{"count":0,"href":"https:\/\/www.europesays.com\/fr\/wp-json\/wp\/v2\/posts\/245412\/revisions"}],"wp:featuredmedia":[{"embeddable":true,"href":"https:\/\/www.europesays.com\/fr\/wp-json\/wp\/v2\/media\/245413"}],"wp:attachment":[{"href":"https:\/\/www.europesays.com\/fr\/wp-json\/wp\/v2\/media?parent=245412"}],"wp:term":[{"taxonomy":"category","embeddable":true,"href":"https:\/\/www.europesays.com\/fr\/wp-json\/wp\/v2\/categories?post=245412"},{"taxonomy":"post_tag","embeddable":true,"href":"https:\/\/www.europesays.com\/fr\/wp-json\/wp\/v2\/tags?post=245412"}],"curies":[{"name":"wp","href":"https:\/\/api.w.org\/{rel}","templated":true}]}}