{"id":245414,"date":"2025-07-12T17:37:11","date_gmt":"2025-07-12T17:37:11","guid":{"rendered":"https:\/\/www.europesays.com\/fr\/245414\/"},"modified":"2025-07-12T17:37:11","modified_gmt":"2025-07-12T17:37:11","slug":"evian-champ-nadaud-soffre-le-droit-de-rever-gainer-et-ruffels-coleaders","status":"publish","type":"post","link":"https:\/\/www.europesays.com\/fr\/245414\/","title":{"rendered":"Evian Champ. : Nadaud s\u2019offre le droit de r\u00eaver, Gainer et Ruffels coleaders"},"content":{"rendered":"<p>                             Par     <a class=\"fig-content-metas__author\" href=\"https:\/\/www.lefigaro.fr\/auteur\/laurent-louet\" rel=\"author nofollow noopener\" target=\"_blank\">Laurent Lou\u00ebt<\/a>, envoy\u00e9 sp\u00e9cial \u00e0 Evian<\/p>\n<p>                Le 12 juillet 2025 \u00e0 17h19<\/p>\n<p>    Nastasia Nadaud sur le fairway du trou 18 de l\u2019Evian Resort Golf Club, samedi, lors du 3e tour de Tha Amundi Evian Championship.<br \/>\n                Millereau Philippe \/ KMSP<\/p>\n<p>\u00c0 l\u2019issue du \u00abmoving day\u00bb, la jeune Fran\u00e7aise est aux portes d\u2019un incroyable exploit dans le premier Majeur de sa carri\u00e8re, ce dimanche. Elle pointe \u00e0 trois coups de la t\u00eate.<\/p>\n<p class=\"fig-paragraph\">On conna\u00eet la cruaut\u00e9 du golf et la capacit\u00e9 de Saint Andrew, saint patron de l\u2019\u00c9cosse, berceau des golfeurs, \u00e0 retourner les situations jusqu\u2019au dernier putt. Pourtant, ce jeu a ceci de magique qu\u2019il dessine aussi parfois d\u2019improbables raccourcis vers l\u2019exploit. Ce que Nastasia Nadaud est en train de vivre \u00e0 l\u2019occasion de\u00a0<a href=\"http:\/\/golf.lefigaro.fr\/actualite\/majeurs\/the-amundi-evian-championship-la-belle-epoque-20250710\" data-fig-type=\"Article\" data-gtm-custom-categorie=\"navigation\" data-gtm-custom-action=\"crossclick\" data-gtm-custom-label=\"Contextuel\" data-gtm-event=\"customEventSPE\" data-fig-domain=\"GOLF\" rel=\"nofollow noopener\" target=\"_blank\">The Amundi Evian Championship<\/a>\u00a0rel\u00e8ve d\u2019un destin fantastique autant qu\u2019inattendu. Un truc de fou.<\/p>\n<p class=\"fig-paragraph\">\u00ab Je ne r\u00e9alise toujours pas que c\u2019est moi qui fait tout \u00e7a\u00a0\u00bb, expliquait-elle \u00e0 l\u2019issue du 3e tour, ce samedi, devant les micros tendus des journalistes. Pour son premier tournoi du Grand Chelem \u00e0 l\u2019\u00e2ge de vingt ans, la golfeuse d\u2019Aix-les-Bains figure parmi les pr\u00e9tendantes \u00e0 la victoire avant le dernier tour du premier Majeur de sa carri\u00e8re. Un sc\u00e9nario inimaginable pour la 176e joueuse mondiale, qui a b\u00e9n\u00e9fici\u00e9 d\u2019une invitation des organisateurs pour pouvoir entrer dans le champ initial des 132 joueuses de cette 31e \u00e9dition.<\/p>\n<blockquote class=\"fig-quote&#10;    \">\n<p class=\"fig-quote__text\">\u00ab C\u2019est super pour le public qui est venu encourager Nastasia Nadaud.\u00a0\u00bb<\/p>\n<p>            Franck Riboud, pr\u00e9sident du tournoi\n    <\/p><\/blockquote>\n<p class=\"fig-body-link\">\n            \u00c0 lire aussi<br \/>\n        <a class=\"fig-body-link__link\" href=\"http:\/\/golf.lefigaro.fr\/actualite\/majeurs\/il-faut-se-donner-les-moyens-de-ses-ambitions-20250710\" data-fig-type=\"Article\" data-gtm-custom-categorie=\"navigation\" data-gtm-custom-action=\"crossclick\" data-gtm-custom-label=\"Contextuel\" data-gtm-event=\"customEventSPE\" data-fig-domain=\"GOLF\" rel=\"nofollow noopener\" target=\"_blank\">Franck Riboud &amp; Jacques Bungert\u00a0: \u00ab\u200aIl faut se donner les moyens de ses ambitions\u00a0\u00bb<br \/>\n    <\/a>\n<\/p>\n<p>                                    <a class=\"fig-a11y-skip a11y-hidden\" href=\"#fig-a11y-skip-main-inarticle\"><br \/>\n        Passer la publicit\u00e9<br \/>\n    <\/a><\/p>\n<p class=\"fig-paragraph\">\u00ab C\u2019est g\u00e9nial ce qui lui arrive, soufflait d\u2019ailleurs Franck Riboud, Pr\u00e9sident du tournoi, tandis qu\u2019il la regardait putter sur le green du trou n\u00b018. Et c\u2019est super pour le public qui est venu pour l\u2019encourager.\u00a0\u00bb Originaire d\u2019Aix-les-Bains, \u00e9galement membre de l\u2019Evian Resort Golf Club o\u00f9 elle b\u00e9n\u00e9ficie des facilit\u00e9s de la \u00ab Galaxy\u00a0\u00bb, cette plateforme qui aide les jeunes \u00e0 progresser avec l\u2019appui financier du\u00a0<a href=\"http:\/\/golf.lefigaro.fr\/actualite\/majeurs\/natacha-andermahr-amundi-dialogue-ecoute-et-entente-20250710\" data-fig-type=\"Article\" data-gtm-custom-categorie=\"navigation\" data-gtm-custom-action=\"crossclick\" data-gtm-custom-label=\"Contextuel\" data-gtm-event=\"customEventSPE\" data-fig-domain=\"GOLF\" rel=\"nofollow noopener\" target=\"_blank\">sponsor titre Amundi<\/a>, Nastasia Nadaud suscite un engouement r\u00e9gional et attire le public autour de sa personne. Quelques m\u00e8tres plus bas, ils \u00e9taient d\u2019ailleurs pr\u00e8s de trois cents Aixois \u00e0 attendre sagement que leur favorite en finisse, pour lui t\u00e9moigner leur soutien \u00e0 la sortie du chalet d\u2019enregistrement des cartes de scores.<\/p>\n<p class=\"fig-paragraph\">Le score, justement, parlons-en\u00a0: Nastasia Nadaud a sign\u00e9 un 67 lors du \u00ab Moving day\u00a0\u00bb, identique \u00e0 celui de la veille, alors qu\u2019elle avait jou\u00e9 71 lors de la ronde initiale. Au total, la jeune prodige affiche un total de -8, \u00e0 trois coups de la t\u00eate du classement. Ce samedi, Nadaud a post\u00e9 six birdies pour deux bogeys\u00a0: le premier sur le trou n\u00b010 puis un second sur le dernier trou, cons\u00e9cutif \u00e0 une mise en jeu rat\u00e9e. Le tout sous les yeux de ses partenaires du jour\u00a0: Nelly Korda, n\u00b01 mondiale, et Minjee Lee, d\u00e9j\u00e0 vainqueur \u00e0 Evian en 2021, qui vient de remporter l\u2019USPGA 2025, son 3e tournoi majeur avec l\u2019US Open 2022. Rien que \u00e7a.<\/p>\n<p class=\"fig-paragraph\">Avant la journ\u00e9e d\u00e9cisive, l\u2019Anglaise Cara Gainer, auteur d\u2019un remarquable 64, partage le fauteuil de leader en compagnie de l\u2019Australienne Gabriela Ruffels (65-71-66) avec le score total de -11. Ces deux-l\u00e0 devancent les Australiennes Kim Grace et Minjee Lee, la Tha\u00eflandaise Jeeno Thitikul et la Sud-Cor\u00e9enne Somi Lee, toutes \u00e0 -10. Une palanqu\u00e9e de joueuses qui tend les bras avec app\u00e9tit au saladier d\u2019argent de l\u2019Amundi Evian Championship. Si le r\u00eave semble \u00e0 port\u00e9e de mains pour Nastasia Nadaud, le plus difficile reste \u00e9videmment \u00e0 accomplir pour inscrire son nom sur le troph\u00e9e, deux ans apr\u00e8s la magnifique victoire de C\u00e9line Boutier. En 21e position, la laur\u00e9ate 2023 affiche un score total de -5 apr\u00e8s son 70 du jour. Perrine Delacour (36e, -2) est en milieu de classement.<\/p>\n","protected":false},"excerpt":{"rendered":"Par Laurent Lou\u00ebt, envoy\u00e9 sp\u00e9cial \u00e0 Evian Le 12 juillet 2025 \u00e0 17h19 Nastasia Nadaud sur le fairway&hellip;\n","protected":false},"author":2,"featured_media":245415,"comment_status":"","ping_status":"","sticky":false,"template":"","format":"standard","meta":{"footnotes":""},"categories":[1418],"tags":[1011,27,1472,21450,6670,60],"class_list":{"0":"post-245414","1":"post","2":"type-post","3":"status-publish","4":"format-standard","5":"has-post-thumbnail","7":"category-golf","8":"tag-fr","9":"tag-france","10":"tag-golf","11":"tag-ladies-european-tour","12":"tag-lpga-tour","13":"tag-sports"},"share_on_mastodon":{"url":"https:\/\/pubeurope.com\/@fr\/114841481543381253","error":""},"_links":{"self":[{"href":"https:\/\/www.europesays.com\/fr\/wp-json\/wp\/v2\/posts\/245414","targetHints":{"allow":["GET"]}}],"collection":[{"href":"https:\/\/www.europesays.com\/fr\/wp-json\/wp\/v2\/posts"}],"about":[{"href":"https:\/\/www.europesays.com\/fr\/wp-json\/wp\/v2\/types\/post"}],"author":[{"embeddable":true,"href":"https:\/\/www.europesays.com\/fr\/wp-json\/wp\/v2\/users\/2"}],"replies":[{"embeddable":true,"href":"https:\/\/www.europesays.com\/fr\/wp-json\/wp\/v2\/comments?post=245414"}],"version-history":[{"count":0,"href":"https:\/\/www.europesays.com\/fr\/wp-json\/wp\/v2\/posts\/245414\/revisions"}],"wp:featuredmedia":[{"embeddable":true,"href":"https:\/\/www.europesays.com\/fr\/wp-json\/wp\/v2\/media\/245415"}],"wp:attachment":[{"href":"https:\/\/www.europesays.com\/fr\/wp-json\/wp\/v2\/media?parent=245414"}],"wp:term":[{"taxonomy":"category","embeddable":true,"href":"https:\/\/www.europesays.com\/fr\/wp-json\/wp\/v2\/categories?post=245414"},{"taxonomy":"post_tag","embeddable":true,"href":"https:\/\/www.europesays.com\/fr\/wp-json\/wp\/v2\/tags?post=245414"}],"curies":[{"name":"wp","href":"https:\/\/api.w.org\/{rel}","templated":true}]}}