{"id":245416,"date":"2025-07-12T17:39:10","date_gmt":"2025-07-12T17:39:10","guid":{"rendered":"https:\/\/www.europesays.com\/fr\/245416\/"},"modified":"2025-07-12T17:39:10","modified_gmt":"2025-07-12T17:39:10","slug":"linternational-gallois-liam-williams-pourrait-debarquer-en-france-dans-les-semaines-a-venir-plusieurs-clubs-interesses","status":"publish","type":"post","link":"https:\/\/www.europesays.com\/fr\/245416\/","title":{"rendered":"L\u2019international Gallois Liam Williams pourrait d\u00e9barquer en France dans les semaines \u00e0 venir : Plusieurs clubs int\u00e9ress\u00e9s !"},"content":{"rendered":"<p>L\u2019international gallois <strong>Liam Williams<\/strong> pourrait d\u00e9barquer en France dans les semaines \u00e0 venir.<\/p>\n<p>Selon les informations de <a href=\"https:\/\/www.rugbypass.com\/news\/fissler-confidential-rugby-transfers-liam-williams-future-up-in-the-air\/\" rel=\"nofollow noopener\" target=\"_blank\">Rugby Pass<\/a>, le joueur Gallois pourrait rebondir en <strong>Pro D2<\/strong> la saison prochaine, dans l\u2019espoir de poursuivre son r\u00eave : atteindre les <strong>100 s\u00e9lections<\/strong> sous le maillot du pays de Galles.<\/p>\n<p>\u00c0 34 ans, l\u2019arri\u00e8re pass\u00e9 par les <strong>Saracens<\/strong>, anciens champions d\u2019Angleterre et d\u2019Europe, explore de nouvelles opportunit\u00e9s apr\u00e8s son d\u00e9part du club londonien.<\/p>\n<p>Bless\u00e9 au genou lors du premier match du Tournoi des Six Nations face \u00e0 la France en janvier, Williams n\u2019a plus foul\u00e9 les terrains depuis. Pourtant, malgr\u00e9 cette longue indisponibilit\u00e9 et son absence du rugby professionnel depuis plusieurs mois, son profil continue d\u2019attirer l\u2019attention.<\/p>\n<p>\u00ab Malgr\u00e9 son historique de blessures r\u00e9centes, certains clubs de Pro D2 disposent encore de marges budg\u00e9taires et s\u2019int\u00e9ressent de pr\u00e8s \u00e0 lui \u00bb, rapporte-t-on du c\u00f4t\u00e9 des recruteurs fran\u00e7ais.<\/p>\n<p>Un contrat pourrait m\u00eame \u00eatre propos\u00e9 prochainement \u00e0 l\u2019ancien joueur de Scarlets et Cardiff.<\/p>\n<p>Alors qu\u2019un retour au pays avait \u00e9t\u00e9 \u00e9voqu\u00e9, le joueur, qui f\u00eatera ses <strong>35 ans en avril prochain<\/strong>, semble aujourd\u2019hui ouvert \u00e0 un ultime d\u00e9fi \u00e0 l\u2019\u00e9tranger.<\/p>\n<p>Son exp\u00e9rience, sa polyvalence et son palmar\u00e8s pourraient en faire une recrue de choix pour un club ambitieux du deuxi\u00e8me \u00e9chelon fran\u00e7ais.<\/p>\n<p>Une arriv\u00e9e en Pro D2 serait aussi l\u2019occasion, pour Liam Williams, de maintenir un niveau de jeu suffisant afin de continuer \u00e0 r\u00eaver du cap symbolique des 100 s\u00e9lections avec le XV du Poireau.<\/p>\n<p><strong>Affaire \u00e0 suivre\u2026<\/strong><\/p>\n","protected":false},"excerpt":{"rendered":"L\u2019international gallois Liam Williams pourrait d\u00e9barquer en France dans les semaines \u00e0 venir. Selon les informations de Rugby&hellip;\n","protected":false},"author":2,"featured_media":245417,"comment_status":"","ping_status":"","sticky":false,"template":"","format":"standard","meta":{"footnotes":""},"categories":[1416],"tags":[1011,27,479,1468,60],"class_list":{"0":"post-245416","1":"post","2":"type-post","3":"status-publish","4":"format-standard","5":"has-post-thumbnail","7":"category-rugby","8":"tag-fr","9":"tag-france","10":"tag-rugby","11":"tag-rugby-football","12":"tag-sports"},"share_on_mastodon":{"url":"https:\/\/pubeurope.com\/@fr\/114841489427421143","error":""},"_links":{"self":[{"href":"https:\/\/www.europesays.com\/fr\/wp-json\/wp\/v2\/posts\/245416","targetHints":{"allow":["GET"]}}],"collection":[{"href":"https:\/\/www.europesays.com\/fr\/wp-json\/wp\/v2\/posts"}],"about":[{"href":"https:\/\/www.europesays.com\/fr\/wp-json\/wp\/v2\/types\/post"}],"author":[{"embeddable":true,"href":"https:\/\/www.europesays.com\/fr\/wp-json\/wp\/v2\/users\/2"}],"replies":[{"embeddable":true,"href":"https:\/\/www.europesays.com\/fr\/wp-json\/wp\/v2\/comments?post=245416"}],"version-history":[{"count":0,"href":"https:\/\/www.europesays.com\/fr\/wp-json\/wp\/v2\/posts\/245416\/revisions"}],"wp:featuredmedia":[{"embeddable":true,"href":"https:\/\/www.europesays.com\/fr\/wp-json\/wp\/v2\/media\/245417"}],"wp:attachment":[{"href":"https:\/\/www.europesays.com\/fr\/wp-json\/wp\/v2\/media?parent=245416"}],"wp:term":[{"taxonomy":"category","embeddable":true,"href":"https:\/\/www.europesays.com\/fr\/wp-json\/wp\/v2\/categories?post=245416"},{"taxonomy":"post_tag","embeddable":true,"href":"https:\/\/www.europesays.com\/fr\/wp-json\/wp\/v2\/tags?post=245416"}],"curies":[{"name":"wp","href":"https:\/\/api.w.org\/{rel}","templated":true}]}}