{"id":245418,"date":"2025-07-12T17:40:11","date_gmt":"2025-07-12T17:40:11","guid":{"rendered":"https:\/\/www.europesays.com\/fr\/245418\/"},"modified":"2025-07-12T17:40:11","modified_gmt":"2025-07-12T17:40:11","slug":"resultat-et-resume-amanda-anisimova-iga-swiatek-grand-chelem-wimbledon-finale-samedi-12-juillet-2025-lequipe","status":"publish","type":"post","link":"https:\/\/www.europesays.com\/fr\/245418\/","title":{"rendered":"R\u00e9sultat et r\u00e9sum\u00e9 : Amanda Anisimova &#8211; Iga Swiatek, Grand Chelem, Wimbledon, Finale, Samedi 12 juillet 2025 &#8211; L&#039;\u00c9quipe"},"content":{"rendered":"<ol>\n<li><a href=\"https:\/\/news.google.com\/rss\/articles\/CBMiwwFBVV95cUxQMk1mTHE0UFlLeURhYllVTjJRTWM5MGRVRVhTY3NuN3FYUVBMMzNlaFFfQ0VJN2lGWmVfNnhPWHFlVnpRcV9YZlVhY0pkVDVNYVdiVDVSM2dGbk5sQ0Vob2tJc0tvUmlSTEFrWkgxQjhHVlNjemN0M084UGQ1VmpUd25oZ0xrQjV4czVKcVJuM1Q3Zm9Ca3ZQUHp3Q0E2M3psMkJmWi14bXBuWkFtRFRVcjhzbXh3NHJ3NlB1RjFIMUtLYkk?oc=5\" target=\"_blank\" rel=\"nofollow noopener\">R\u00e9sultat et r\u00e9sum\u00e9 : Amanda Anisimova &#8211; Iga Swiatek, Grand Chelem, Wimbledon, Finale, Samedi 12 juillet 2025<\/a>&nbsp;&nbsp;L&rsquo;\u00c9quipe<\/li>\n<li><a href=\"https:\/\/news.google.com\/rss\/articles\/CBMivgFBVV95cUxOUjdUb1p3NFlfNU95ZjF4TmhsQWdlTWF1cnVKV1dMUWp3M1BvU3BnM2I3VFNmNEpwSFRJcUZlNHVoaERwVjJEV1NXby1DNEQwdlZ3QWZmVUNlZU5zMFN0cFN3b3NzbHFOTVE2UU9CUDdmQUs4VElZLVRrLXdFeWhRTWttdTgzdV9EU19uSmw3UXdkc1dKSTg5ZVlRWjMtUXE2YmtkbEtCYkJMTHlNaGg5X3hYOTkzWE56M1NCdVBn?oc=5\" target=\"_blank\" rel=\"nofollow noopener\">Premier sacre \u00e0 Wimbledon pour Iga Swiatek qui a \u00e9cras\u00e9 Amanda Anisimova<\/a>&nbsp;&nbsp;L&rsquo;\u00c9quipe<\/li>\n<li><a href=\"https:\/\/news.google.com\/rss\/articles\/CBMi_gFBVV95cUxOaF94czgtckZnQTZHLWVhbFpTT0JRdzBRdENCal9tSGtwcjNiVnVOeFR3YWtHQ2tFSzZaOGtnSllUcFAtQzJSbW9TT3dYWXktR1FCT2lrQ1NEbGw1UTUyMi1EMDNucURaODhFVXdtdFJpazhISW40UTRPckRnV1BGSnd1Qi1JLW13Vms5dGk2bUQ5cmlpSnI1ZGF2THhOeGJVa1R4T1Z5OUJLbkdaVkpOWHpJaG5jVV85R3lkS01QMDU2M2ROUVMyUHFiS2xIVU1SendmZ0E3VVpENVRFOXFqTXhTZ2ZQQS14cHNQSXRwX2NkOEJaOXU2akRVU3psZw?oc=5\" target=\"_blank\" rel=\"nofollow noopener\">Wimbledon 2025 \/ simple dames &#8211; 6-0, 6-0 en finale de Grand Chelem : une \u00ab\u00a0d\u00e9culott\u00e9e\u00a0\u00bb tristement historique<\/a>&nbsp;&nbsp;Eurosport<\/li>\n<li><a href=\"https:\/\/news.google.com\/rss\/articles\/CBMi3gFBVV95cUxQdTZmMXp3bkpaWnR0QzI1TjJOV0dxQWRjT3pLMXljOV9yMmtVdHJaOGpNWFlvLTdhWGhKeFEtV3NhUUJ6NTFLQWp0ZHFGbkNsMFFyVGx5d1d3bTN4MzVJaVBfZEY3R2FjRTFtWnM5NkxHdHZvMjBxdnJBTlFBbmthOEFuc1VpYVRORnVENjVaeld6UjI1bElQLTdIdlBDQ2F2RGFjVEpLOE81d2psN0lmbnBQNlRVVDNqYnJ4Z1Q5NlUyczNRTXlXVFhNZlVZMjhXMVpLNjdnbkdRT0NLcXc?oc=5\" target=\"_blank\" rel=\"nofollow noopener\">Swiatek colle un 6-0, 6-0 historique \u00e0 Anisimova en finale de Wimbledon<\/a>&nbsp;&nbsp;20 Minutes<\/li>\n<li><a href=\"https:\/\/news.google.com\/rss\/articles\/CBMi5wFBVV95cUxNQ08tYmQ1c20xT2ZQT3QyQXJrV3paN19PMUVQMmpmeDdVWldzZHpKZTdkekV0dWFXbzNtTFZlakpfLUEycnA1VktPT0VCc1FNMERWVUpOMUFyd3lNRVR0czlVaGtmWHhxZFRpa1pKSVNiend0bWJqZXF0YzJnSGd1RkpNS0FxdGxETzRnZ0hrYUx0RGNlM3lKV3VxYnV4U3lOSzR0MmV6dFU0SjM0WHVQN19GUlNGY19fOUszQS1HSmdFNElzOVRzRmlVYnU3cDVJX0lMNXRaS1F6b2xRejFNc1A2Qk9tRXM?oc=5\" target=\"_blank\" rel=\"nofollow noopener\">Wimbledon : Iga Swiatek sacr\u00e9e pour la premi\u00e8re fois \u00e0 Londres<\/a>&nbsp;&nbsp;Le Figaro<\/li>\n<\/ol>\n","protected":false},"excerpt":{"rendered":"R\u00e9sultat et r\u00e9sum\u00e9 : Amanda Anisimova &#8211; Iga Swiatek, Grand Chelem, Wimbledon, Finale, Samedi 12 juillet 2025&nbsp;&nbsp;L&rsquo;\u00c9quipe Premier&hellip;\n","protected":false},"author":2,"featured_media":143092,"comment_status":"","ping_status":"","sticky":false,"template":"","format":"standard","meta":{"footnotes":""},"categories":[1415],"tags":[1011,27,60,1467],"class_list":{"0":"post-245418","1":"post","2":"type-post","3":"status-publish","4":"format-standard","5":"has-post-thumbnail","7":"category-tennis","8":"tag-fr","9":"tag-france","10":"tag-sports","11":"tag-tennis"},"share_on_mastodon":{"url":"https:\/\/pubeurope.com\/@fr\/114841493319009453","error":""},"_links":{"self":[{"href":"https:\/\/www.europesays.com\/fr\/wp-json\/wp\/v2\/posts\/245418","targetHints":{"allow":["GET"]}}],"collection":[{"href":"https:\/\/www.europesays.com\/fr\/wp-json\/wp\/v2\/posts"}],"about":[{"href":"https:\/\/www.europesays.com\/fr\/wp-json\/wp\/v2\/types\/post"}],"author":[{"embeddable":true,"href":"https:\/\/www.europesays.com\/fr\/wp-json\/wp\/v2\/users\/2"}],"replies":[{"embeddable":true,"href":"https:\/\/www.europesays.com\/fr\/wp-json\/wp\/v2\/comments?post=245418"}],"version-history":[{"count":0,"href":"https:\/\/www.europesays.com\/fr\/wp-json\/wp\/v2\/posts\/245418\/revisions"}],"wp:featuredmedia":[{"embeddable":true,"href":"https:\/\/www.europesays.com\/fr\/wp-json\/wp\/v2\/media\/143092"}],"wp:attachment":[{"href":"https:\/\/www.europesays.com\/fr\/wp-json\/wp\/v2\/media?parent=245418"}],"wp:term":[{"taxonomy":"category","embeddable":true,"href":"https:\/\/www.europesays.com\/fr\/wp-json\/wp\/v2\/categories?post=245418"},{"taxonomy":"post_tag","embeddable":true,"href":"https:\/\/www.europesays.com\/fr\/wp-json\/wp\/v2\/tags?post=245418"}],"curies":[{"name":"wp","href":"https:\/\/api.w.org\/{rel}","templated":true}]}}