{"id":245419,"date":"2025-07-12T17:42:17","date_gmt":"2025-07-12T17:42:17","guid":{"rendered":"https:\/\/www.europesays.com\/fr\/245419\/"},"modified":"2025-07-12T17:42:17","modified_gmt":"2025-07-12T17:42:17","slug":"bagnaia-choque-tellement-il-etait-lent-sous-la-pluie","status":"publish","type":"post","link":"https:\/\/www.europesays.com\/fr\/245419\/","title":{"rendered":"Bagnaia \u00ab\u00a0choqu\u00e9\u00a0\u00bb tellement il \u00e9tait lent sous la pluie"},"content":{"rendered":"<p>Qu&rsquo;elle para\u00eet longue, cette saison, pour <a href=\"https:\/\/fr.motorsport.com\/driver\/pecco-bagnaia\/109394\/\" target=\"_blank\" rel=\"noopener\">Pecco Bagnaia<\/a>\u2026 Alors que son co\u00e9quipier a gagn\u00e9 aujourd&rsquo;hui son dixi\u00e8me sprint en 11 d\u00e9parts, l&rsquo;Italien n&rsquo;a pas marqu\u00e9 le moindre point. En 15 tours, il a cumul\u00e9 20 secondes de retard, une claque monumentale pour celui qui brillait tant il y a quelques mois \u00e0 peine.<\/p>\n<p>Vendredi, Bagnaia s&rsquo;en \u00e9tait relativement bien sorti sur le sec, bien qu&rsquo;il ait eu plusieurs alertes. D&rsquo;abord, le fait de ne pas r\u00e9ussir \u00e0 exploiter le pneu neuf dans le time attack, ce qui expliquait en grande partie son neuvi\u00e8me temps. Mais aussi des sensations oppos\u00e9es \u00e0 celles des autres pilotes Ducati.<\/p>\n<p>\u00ab\u00a0J&rsquo;ai lu les commentaires de tous les pilotes Ducati en fin de journ\u00e9e, ce que je fais \u00e0 chaque fois, et j&rsquo;ai vu qu&rsquo;ils se sont tous plaints d&rsquo;un grip excessif dans les quatre ou cinq premiers tours des pneus, alors que moi, je n&rsquo;ai pas eu \u00e7a le moins du monde. \u00c7a pouvait \u00eatre une sonnette d&rsquo;alarme pour aujourd&rsquo;hui, et c&rsquo;\u00e9tait effectivement totalement le cas\u00a0\u00bb, constate-t-il ce soir.<\/p>\n<blockquote>\n<p>Je n&rsquo;ai pas le souvenir d&rsquo;avoir d\u00e9j\u00e0 \u00e9t\u00e9 aussi lent sur le mouill\u00e9 en MotoGP, pas au point de prendre 20 secondes en 15 tours.<\/p>\n<\/blockquote>\n<p>L&rsquo;arriv\u00e9e de la pluie, ce matin, a mis Bagnaia en tr\u00e8s grande difficult\u00e9. En manque total d&rsquo;adh\u00e9rence, il s&rsquo;est effondr\u00e9, auteur du dernier temps de la Q2, \u00e0 pratiquement deux secondes du poleman, puis 12e du sprint, avec un quart de tour de retard sur le vainqueur.\u00a0\u00ab\u00a0Je suis choqu\u00e9 par ce que j&rsquo;ai fait aujourd&rsquo;hui\u00a0\u00bb, avoue le pilote italien, sans fuir la r\u00e9alit\u00e9 et avouant avoir v\u00e9cu \u00ab\u00a0un cauchemar\u00a0\u00bb.<\/p>\n<p>\u00ab\u00a0Une journ\u00e9e tr\u00e8s difficile d&rsquo;une mani\u00e8re g\u00e9n\u00e9rale. Je n&rsquo;ai pas le souvenir d&rsquo;avoir d\u00e9j\u00e0 \u00e9t\u00e9 aussi lent sur le mouill\u00e9 en MotoGP, pas au point de prendre 20 secondes en 15 tours\u00a0\u00bb,\u00a0observe-t-il.\u00a0\u00ab\u00a0\u00c7a a \u00e9t\u00e9 tr\u00e8s dur tout au long de la journ\u00e9e, j&rsquo;ai eu beaucoup de mal d\u00e8s ce matin. J&rsquo;ai essay\u00e9 de tenter des choses qui n&rsquo;ont pas aid\u00e9. Ensuite, on a essay\u00e9 de faire une modification un peu plus importante pour la course et le r\u00e9sultat a \u00e9t\u00e9 \u00e0 l&rsquo;oppos\u00e9 de ce qu&rsquo;on esp\u00e9rait.\u00a0\u00bb<\/p>\n<p>\u00ab\u00a0Donc c&rsquo;est tr\u00e8s compliqu\u00e9, et je suis extr\u00eamement d\u00e9\u00e7u et d\u00e9sol\u00e9 de cette prestation parce que je crois que les probl\u00e8mes sont \u00e9vidents, clairs, et on a beaucoup de mal \u00e0 trouver comment les r\u00e9soudre. Peut-\u00eatre m\u00eame qu&rsquo;on ne trouvera pas, alors c&rsquo;est compliqu\u00e9.\u00a0\u00bb<\/p>\n<p>   <img decoding=\"async\" draggable=\"false\" src=\"https:\/\/www.europesays.com\/fr\/wp-content\/uploads\/2025\/07\/1752342137_931_francesco-bagnaia-ducati-team.jpg\" alt=\"Pecco Bagnaia a termin\u00e9 le sprint devant Ra\u00fal Fern\u00e1ndez et Joan Mir, \u00e0 trois secondes des points.\" width=\"1200\" height=\"800\" loading=\"lazy\"\/> <\/p>\n<p class=\"title\">Pecco Bagnaia a termin\u00e9 le sprint devant Ra\u00fal Fern\u00e1ndez et Joan Mir, \u00e0 trois secondes des points.<\/p>\n<p class=\"photographer\">Photo de: Alexander Trienitz<\/p>\n<p>Bagnaia continue \u00e0 se heurter \u00e0 une situation qu&rsquo;il peine \u00e0 comprendre et que rien ne semble r\u00e9ussir \u00e0 r\u00e9soudre concr\u00e8tement. \u00ab\u00a0Je suis vraiment tr\u00e8s lent\u2026 Je voudrais entrer plus fort dans les virages, je voudrais faire beaucoup plus, mais je suis \u00e0 la merci de tout ce qui se passe. Malheureusement, je ne suis pas en mesure d&rsquo;exploiter le potentiel pour le moment. Chaque fois que j&rsquo;essaye de pousser un peu plus, je perds l&rsquo;arri\u00e8re.\u00a0\u00bb<\/p>\n<p>\u00ab\u00a0J&rsquo;ai essay\u00e9 de regarder les donn\u00e9es des EL2, des qualifs et du sprint, et dans les trois situations je perds aux m\u00eames endroits. Les fois o\u00f9 j&rsquo;ai essay\u00e9 d&rsquo;en faire un peu plus, j&rsquo;ai risqu\u00e9 de partir en toupie\u00a0\u2013\u00a0parce que j&rsquo;ai tellement peu de grip, que \u00e7a n&rsquo;est m\u00eame pas l&rsquo;highside que je risque. C&rsquo;est probl\u00e9matique, c&rsquo;est difficile de comprendre ce qui se passe.\u00a0\u00bb<\/p>\n<p>\u00ab\u00a0Quand on ne comprend pas quel est le souci, c&rsquo;est compliqu\u00e9 de trouver une solution. On essaye diff\u00e9rentes solutions mais pour le moment, je n&rsquo;en vois pas une [qui fonctionne] parce qu&rsquo;on a du mal depuis le d\u00e9but de l&rsquo;ann\u00e9e. On fait de petits pas en avant mais, d&rsquo;une mani\u00e8re g\u00e9n\u00e9rale, j&rsquo;ai peu de feeling avec la moto cette ann\u00e9e et \u00e7a s&rsquo;amplifie encore plus sur le mouill\u00e9, alors \u00e7a n&rsquo;aide pas.\u00a0\u00bb<\/p>\n<p>Pour la suite du week-end, son seul espoir, minime, est que la pluie \u00e9pargne le Sachsenring dimanche. \u00ab\u00a0J&rsquo;esp\u00e8re vivement que ce sera sec, et sinon, sur le mouill\u00e9, il va falloir qu&rsquo;on fasse quelque chose d&rsquo;important, sans quoi on fera la course \u00e0 40 secondes du premier et compl\u00e8tement sans grip\u00a0\u00bb, pr\u00e9voit-il d\u00e9j\u00e0, sans se risquer \u00e0 viser plus haut qu&rsquo;un top 5 si la course devait \u00eatre s\u00e8che.<\/p>\n<p>Lire aussi :<\/p>\n<p>Dans cet article<\/p>\n<p>Soyez le premier inform\u00e9 et souscrivez aux alertes mails pour recevoir les infos en temps r\u00e9el<\/p>\n<p>    S&rsquo;abonner aux alertes de news<\/p>\n","protected":false},"excerpt":{"rendered":"Qu&rsquo;elle para\u00eet longue, cette saison, pour Pecco Bagnaia\u2026 Alors que son co\u00e9quipier a gagn\u00e9 aujourd&rsquo;hui son dixi\u00e8me sprint&hellip;\n","protected":false},"author":2,"featured_media":245420,"comment_status":"","ping_status":"","sticky":false,"template":"","format":"standard","meta":{"footnotes":""},"categories":[1413],"tags":[4950,1011,27,36254,1457,1456,1458,4951,36255,60],"class_list":{"0":"post-245419","1":"post","2":"type-post","3":"status-publish","4":"format-standard","5":"has-post-thumbnail","7":"category-moto","8":"tag-ducati-team","9":"tag-fr","10":"tag-france","11":"tag-gp-dallemagne","12":"tag-moto","13":"tag-motocycle","14":"tag-motogp","15":"tag-pecco-bagnaia","16":"tag-sachsenring","17":"tag-sports"},"share_on_mastodon":{"url":"https:\/\/pubeurope.com\/@fr\/114841501325193253","error":""},"_links":{"self":[{"href":"https:\/\/www.europesays.com\/fr\/wp-json\/wp\/v2\/posts\/245419","targetHints":{"allow":["GET"]}}],"collection":[{"href":"https:\/\/www.europesays.com\/fr\/wp-json\/wp\/v2\/posts"}],"about":[{"href":"https:\/\/www.europesays.com\/fr\/wp-json\/wp\/v2\/types\/post"}],"author":[{"embeddable":true,"href":"https:\/\/www.europesays.com\/fr\/wp-json\/wp\/v2\/users\/2"}],"replies":[{"embeddable":true,"href":"https:\/\/www.europesays.com\/fr\/wp-json\/wp\/v2\/comments?post=245419"}],"version-history":[{"count":0,"href":"https:\/\/www.europesays.com\/fr\/wp-json\/wp\/v2\/posts\/245419\/revisions"}],"wp:featuredmedia":[{"embeddable":true,"href":"https:\/\/www.europesays.com\/fr\/wp-json\/wp\/v2\/media\/245420"}],"wp:attachment":[{"href":"https:\/\/www.europesays.com\/fr\/wp-json\/wp\/v2\/media?parent=245419"}],"wp:term":[{"taxonomy":"category","embeddable":true,"href":"https:\/\/www.europesays.com\/fr\/wp-json\/wp\/v2\/categories?post=245419"},{"taxonomy":"post_tag","embeddable":true,"href":"https:\/\/www.europesays.com\/fr\/wp-json\/wp\/v2\/tags?post=245419"}],"curies":[{"name":"wp","href":"https:\/\/api.w.org\/{rel}","templated":true}]}}