{"id":245426,"date":"2025-07-12T17:46:10","date_gmt":"2025-07-12T17:46:10","guid":{"rendered":"https:\/\/www.europesays.com\/fr\/245426\/"},"modified":"2025-07-12T17:46:10","modified_gmt":"2025-07-12T17:46:10","slug":"maltraite-par-sa-mere-johnny-depp-sest-toujours-promis-de-faire-tout-linverse-avec-ses-enfants","status":"publish","type":"post","link":"https:\/\/www.europesays.com\/fr\/245426\/","title":{"rendered":"Maltrait\u00e9 par sa m\u00e8re, Johnny Depp s\u2019est toujours promis de faire tout l\u2019inverse avec ses enfants"},"content":{"rendered":"<p>Johnny Depp a fait des r\u00e9v\u00e9lations bouleversantes sur son enfance malheureuse et la fa\u00e7on dont ses traumatismes ont fa\u00e7onn\u00e9 son rapport \u00e0 la paternit\u00e9. Dans une interview accord\u00e9e au Telegraph, <a href=\"https:\/\/www.20minutes.fr\/arts-stars\/people\/4159933-20250623-seul-endroit-johnny-depp-senti-chez-sud-france\" target=\"_blank\" class=\"color-ultramarine c-link\" rel=\"noopener\">l\u2019acteur de 62 ans<\/a> a d\u00e9taill\u00e9 les violences physiques inflig\u00e9es par sa d\u00e9funte m\u00e8re Betty Sue Palmer.<\/p>\n<p>\u00ab\u00a0Elle me battait avec un putain de b\u00e2ton, une putain de chaussure, un cendrier, un t\u00e9l\u00e9phone, ou n\u2019importe quoi d\u2019autre\u00a0\u00bb, <a href=\"https:\/\/www.telegraph.co.uk\/films\/2025\/07\/05\/johnny-depp-i-dont-care-what-people-say-about-me\/\" rel=\"nofollow noopener\" target=\"_blank\" class=\"color-ultramarine c-link\">a confi\u00e9<\/a> la star des Pirates des Cara\u00efbes. Pourtant, Johnny Depp estime devoir \u00e0 sa m\u00e8re une importante le\u00e7on. \u00ab\u00a0Mais je la remercie pour \u00e7a. Elle m\u2019a appris comment ne pas \u00e9lever des enfants. Il me suffisait de faire exactement l\u2019inverse de ce qu\u2019elle a fait\u00a0\u00bb, a-t-il ajout\u00e9. N\u00e9anmoins, l\u2019acteur qui a \u00e9lev\u00e9 avec Vanessa Paradis deux enfants, \u00e0 savoir <a href=\"https:\/\/www.20minutes.fr\/arts-stars\/people\/4128208-20241209-lily-rose-depp-remercie-parents-vanessa-paradis-johnny-depp-avoir-fait-vivre-enfance-cool\" target=\"_blank\" class=\"color-ultramarine c-link\" rel=\"noopener\">Lily-Rose<\/a>, 26 ans, et Jack, 23 ans, avait fini par se r\u00e9concilier avec sa m\u00e8re avant sa mort en\u00a02016 \u00e0 l\u2019\u00e2ge de 81 ans.<\/p>\n<p>De profondes cicatrices<\/p>\n<p>Johnny Depp avait d\u00e9j\u00e0 \u00e9voqu\u00e9 <a href=\"https:\/\/www.20minutes.fr\/arts-stars\/people\/3274235-20220420-johnny-depp-deballe-tout-addictions-enfance-debuts-relation-amber-heard\" target=\"_blank\" class=\"color-ultramarine c-link\" rel=\"noopener\">cette enfance difficile<\/a> lors de son proc\u00e8s en diffamation <a href=\"https:\/\/www.20minutes.fr\/arts-stars\/people\/4160191-20250624-amel-bent-partage-joli-moment-entre-trois-enfants-amber-heard-fait-enfin-retour-scene\" target=\"_blank\" class=\"color-ultramarine c-link\" rel=\"noopener\">contre son ex-\u00e9pouse Amber Heard<\/a> en avril\u00a02022. Il avait alors d\u00e9crit sa m\u00e8re comme \u00ab\u00a0violente\u00a0\u00bb et \u00ab\u00a0cruelle\u00a0\u00bb, expliquant qu\u2019il \u00ab\u00a0essayait de rester hors de sa ligne de mire\u00a0\u00bb. \u00ab\u00a0L\u2019abus verbal, l\u2019abus psychologique, \u00e9tait presque pire que les coups. Les coups n\u2019\u00e9taient que de la douleur physique. La douleur physique, vous apprenez \u00e0 la g\u00e9rer\u00a0\u00bb, avait-il t\u00e9moign\u00e9 comme le rappelle <a href=\"https:\/\/people.com\/johnny-depp-abusive-mom-taught-him-how-not-raise-kids-11768261\" rel=\"nofollow noopener\" target=\"_blank\" class=\"color-ultramarine c-link\">People<\/a>.<\/p>\n<p>L\u2019acteur a enfin tenu \u00e0 souligner que la capacit\u00e9 de sa m\u00e8re \u00e0 se montrer cruelle n\u2019avait rien d\u2019exceptionnelle sur l\u2019\u00e9chelle de la cruaut\u00e9 dont tout un chacun est capable. Une fa\u00e7on de dire que, en d\u00e9finitive, tout est une question de choix et personne n\u2019est condamn\u00e9 \u00e0 reproduire le mal qu\u2019il a subi.<\/p>\n","protected":false},"excerpt":{"rendered":"Johnny Depp a fait des r\u00e9v\u00e9lations bouleversantes sur son enfance malheureuse et la fa\u00e7on dont ses traumatismes ont&hellip;\n","protected":false},"author":2,"featured_media":245427,"comment_status":"","ping_status":"","sticky":false,"template":"","format":"standard","meta":{"footnotes":""},"categories":[1359],"tags":[20440,58,1057,59,1011,27,10244,19232,24934,5875,973,10245,133],"class_list":{"0":"post-245426","1":"post","2":"type-post","3":"status-publish","4":"format-standard","5":"has-post-thumbnail","7":"category-people","8":"tag-amber-heard","9":"tag-divertissement","10":"tag-education","11":"tag-entertainment","12":"tag-fr","13":"tag-france","14":"tag-johnny-depp","15":"tag-maltraitance","16":"tag-maltraitance-infantile","17":"tag-mere","18":"tag-people","19":"tag-vanessa-paradis","20":"tag-video"},"share_on_mastodon":{"url":"https:\/\/pubeurope.com\/@fr\/114841516956110431","error":""},"_links":{"self":[{"href":"https:\/\/www.europesays.com\/fr\/wp-json\/wp\/v2\/posts\/245426","targetHints":{"allow":["GET"]}}],"collection":[{"href":"https:\/\/www.europesays.com\/fr\/wp-json\/wp\/v2\/posts"}],"about":[{"href":"https:\/\/www.europesays.com\/fr\/wp-json\/wp\/v2\/types\/post"}],"author":[{"embeddable":true,"href":"https:\/\/www.europesays.com\/fr\/wp-json\/wp\/v2\/users\/2"}],"replies":[{"embeddable":true,"href":"https:\/\/www.europesays.com\/fr\/wp-json\/wp\/v2\/comments?post=245426"}],"version-history":[{"count":0,"href":"https:\/\/www.europesays.com\/fr\/wp-json\/wp\/v2\/posts\/245426\/revisions"}],"wp:featuredmedia":[{"embeddable":true,"href":"https:\/\/www.europesays.com\/fr\/wp-json\/wp\/v2\/media\/245427"}],"wp:attachment":[{"href":"https:\/\/www.europesays.com\/fr\/wp-json\/wp\/v2\/media?parent=245426"}],"wp:term":[{"taxonomy":"category","embeddable":true,"href":"https:\/\/www.europesays.com\/fr\/wp-json\/wp\/v2\/categories?post=245426"},{"taxonomy":"post_tag","embeddable":true,"href":"https:\/\/www.europesays.com\/fr\/wp-json\/wp\/v2\/tags?post=245426"}],"curies":[{"name":"wp","href":"https:\/\/api.w.org\/{rel}","templated":true}]}}