{"id":245428,"date":"2025-07-12T17:47:10","date_gmt":"2025-07-12T17:47:10","guid":{"rendered":"https:\/\/www.europesays.com\/fr\/245428\/"},"modified":"2025-07-12T17:47:10","modified_gmt":"2025-07-12T17:47:10","slug":"rima-hassan-detourne-la-celebre-peinture-avec-un-drapeau-palestinien","status":"publish","type":"post","link":"https:\/\/www.europesays.com\/fr\/245428\/","title":{"rendered":"Rima Hassan d\u00e9tourne la c\u00e9l\u00e8bre peinture avec\u2026 un drapeau palestinien"},"content":{"rendered":"<p>            <img decoding=\"async\" alt=\"Rima Hassan.\" src=\"https:\/\/www.europesays.com\/fr\/wp-content\/uploads\/2025\/07\/sipa_ap22964507_000009.jpg\" width=\"375\" height=\"250\" loading=\"lazy\"\/><\/p>\n<p>\n    Rima Hassan.<\/p>\n<p>                SIPA<br \/>\n                                        \/<br \/>\n                                                    \u00a9 Aurelien Morissard\/AP<\/p>\n<p>Il fallait oser. \u00c0 travers son <a href=\"https:\/\/www.lejdd.fr\/politique\/ce-nest-pas-un-cadeau-rima-hassan-tacle-macron-malgre-sa-volonte-de-reconnaitre-letat-palestinien-156946\" target=\"_blank\" rel=\"nofollow noopener\">soutien \u00e0 la Palestine<\/a>, <a href=\"https:\/\/www.lejdd.fr\/politique\/iran-syrie-algerie-les-reseaux-troubles-de-rima-hassan-159539\" target=\"_blank\" rel=\"nofollow noopener\">Rima Hassan<\/a> n\u2019en finit plus de susciter la pol\u00e9mique. Ce samedi\u00a012\u00a0juin, l\u2019eurod\u00e9put\u00e9e de La France insoumise (LFI) a diffus\u00e9 un montage sur son compte X, sur lequel il est possible de voir une partie de la c\u00e9l\u00e8bre \u0153uvre \u00ab\u00a0La Libert\u00e9 guidant le peuple\u00a0\u00bb d\u2019Eug\u00e8ne Delacroix, symbole de la R\u00e9publique fran\u00e7aise, de la d\u00e9mocratie et de la libert\u00e9.<\/p>\n<p>\u00c0 c\u00f4t\u00e9 de l\u2019all\u00e9gorie de la Libert\u00e9, tenant un fusil d\u2019une main et un drapeau fran\u00e7ais de l\u2019autre, Rima Hassan a ajout\u00e9 la figure d\u2019Aed Abu Amro. Ce jeune palestinien de <a href=\"https:\/\/www.lejdd.fr\/Tags\/Gaza\" target=\"_blank\" rel=\"nofollow noopener\">Gaza<\/a>, qui brandit un drapeau palestinien et une fronde, avait \u00e9t\u00e9 pris en photo lors de la Grande Marche du Retour le 22\u00a0octobre 2018.<\/p>\n<p>    La suite apr\u00e8s cette publicit\u00e9<\/p>\n<p>Le montage fait scandale<\/p>\n<p>Pour beaucoup de militants, ce clich\u00e9 est devenu un symbole de la r\u00e9sistance palestinienne face \u00e0 Isra\u00ebl. La d\u00e9put\u00e9e europ\u00e9enne a alors repris le titre de la peinture en faisant \u00e9cho \u00e0 son combat. Rima Hassan a ainsi d\u00e9clench\u00e9 un nouveau toll\u00e9. De nombreux internautes ont d\u00e9nonc\u00e9\u00a0: \u00ab\u00a0La libert\u00e9 guidant les peuples d\u2019Iran et d\u2019Afghanistan et tous ceux qui subissent le joug de dictatures claniques et militaires aussi\u00a0? Non \u00e7a ne vous int\u00e9resse pas\u00a0\u00bb. D\u2019autres ont \u00e9crit\u00a0: \u00ab\u00a0Honte\u00a0\u00bb, \u00ab\u00a0Tout ce que vous touchez, vous le salissez\u00a0\u00bb, \u00ab\u00a0Sinon vous n\u2019en avez pas marre de ch*er sur la culture fran\u00e7aise\u00a0?\u00a0\u00bb<\/p>\n","protected":false},"excerpt":{"rendered":"Rima Hassan. SIPA \/ \u00a9 Aurelien Morissard\/AP Il fallait oser. \u00c0 travers son soutien \u00e0 la Palestine, Rima&hellip;\n","protected":false},"author":2,"featured_media":245429,"comment_status":"","ping_status":"","sticky":false,"template":"","format":"standard","meta":{"footnotes":""},"categories":[1358],"tags":[1348,1384,1385,1386,58,59,1011,27],"class_list":{"0":"post-245428","1":"post","2":"type-post","3":"status-publish","4":"format-standard","5":"has-post-thumbnail","7":"category-arts-et-design","8":"tag-arts","9":"tag-arts-and-design","10":"tag-arts-et-design","11":"tag-design","12":"tag-divertissement","13":"tag-entertainment","14":"tag-fr","15":"tag-france"},"share_on_mastodon":{"url":"https:\/\/pubeurope.com\/@fr\/114841520917942883","error":""},"_links":{"self":[{"href":"https:\/\/www.europesays.com\/fr\/wp-json\/wp\/v2\/posts\/245428","targetHints":{"allow":["GET"]}}],"collection":[{"href":"https:\/\/www.europesays.com\/fr\/wp-json\/wp\/v2\/posts"}],"about":[{"href":"https:\/\/www.europesays.com\/fr\/wp-json\/wp\/v2\/types\/post"}],"author":[{"embeddable":true,"href":"https:\/\/www.europesays.com\/fr\/wp-json\/wp\/v2\/users\/2"}],"replies":[{"embeddable":true,"href":"https:\/\/www.europesays.com\/fr\/wp-json\/wp\/v2\/comments?post=245428"}],"version-history":[{"count":0,"href":"https:\/\/www.europesays.com\/fr\/wp-json\/wp\/v2\/posts\/245428\/revisions"}],"wp:featuredmedia":[{"embeddable":true,"href":"https:\/\/www.europesays.com\/fr\/wp-json\/wp\/v2\/media\/245429"}],"wp:attachment":[{"href":"https:\/\/www.europesays.com\/fr\/wp-json\/wp\/v2\/media?parent=245428"}],"wp:term":[{"taxonomy":"category","embeddable":true,"href":"https:\/\/www.europesays.com\/fr\/wp-json\/wp\/v2\/categories?post=245428"},{"taxonomy":"post_tag","embeddable":true,"href":"https:\/\/www.europesays.com\/fr\/wp-json\/wp\/v2\/tags?post=245428"}],"curies":[{"name":"wp","href":"https:\/\/api.w.org\/{rel}","templated":true}]}}