{"id":245434,"date":"2025-07-12T17:50:10","date_gmt":"2025-07-12T17:50:10","guid":{"rendered":"https:\/\/www.europesays.com\/fr\/245434\/"},"modified":"2025-07-12T17:50:10","modified_gmt":"2025-07-12T17:50:10","slug":"le-10-juillet-1990-tina-turner-sinstallait-a-marseille-avant-son-concert","status":"publish","type":"post","link":"https:\/\/www.europesays.com\/fr\/245434\/","title":{"rendered":"Le 10\u00a0juillet\u00a01990, Tina Turner s\u2019installait \u00e0 Marseille avant son concert"},"content":{"rendered":"<p>Engonc\u00e9e dans un blazer gris, le regard masqu\u00e9 par des lunettes de soleil, Tina Turner n\u2019a cure des journalistes qui se pressent devant sa voiture.\u00a0Ce 10\u00a0juillet\u00a01990, celle que l\u2019on surnomme \u00ab\u00a0la reine du Rock &amp; Roll\u00a0\u00bb d\u00e9barque \u00e0 l\u2019a\u00e9roport Marseille-Provence en provenance de Barcelone.<\/p>\n<p>La chanteuse des c\u00e9l\u00e8bres titres Foreign Affair et We don\u2019t need another hero, s\u2019appr\u00eate \u00e0 rassembler des milliers de fans <a href=\"https:\/\/www.laprovence.com\/article\/region\/1260324386940415\/arena-6mic-maurice-david-a-aix-bonne-ou-mauvaise-affaire-pour-la-ville-davoir-repris-leur-gestion\" target=\"_blank\" rel=\"noopener\">au stade Maurice David \u00e0 Aix-en-Provence<\/a>. Mais elle semble davantage pr\u00e9occup\u00e9e par l\u2019id\u00e9e d\u2019arriver au grand h\u00f4tel de luxe qui l\u2019attend en bord de mer \u00e0 Marseille que par celle de r\u00e9pondre aux m\u00e9dias. En t\u00e9moigne un journaliste du Proven\u00e7al \u00e0 l\u2019\u00e9poque\u00a0: \u00ab\u00a0Caprice de star\u00a0: elle n\u2019a pas voulu traverser \u00e0 pied le hall de l\u2019a\u00e9roport, au grand d\u00e9sarroi des journalistes qui l\u2019attendaient de pied ferme.\u00a0\u00bb<\/p>\n<p>La raison que fournissent ses agents\u00a0? On ne peut plus succincte\u00a0: \u00ab\u00a0Tina ne se sent pas tr\u00e8s bien, elle n\u2019est pas pr\u00eate pour les photos\u00a0\u00bb, rapporte le m\u00eame journaliste. Quelques heures plus tard, elle se produit au stade aixois devant une foule en d\u00e9lire apr\u00e8s la premi\u00e8re partie des Neville Brothers. Malgr\u00e9 cet \u00e9pisode furtif, Tina a laiss\u00e9 une empreinte dans la cit\u00e9 phoc\u00e9enne. Le 11 juin 2023, <a href=\"https:\/\/www.laprovence.com\/actu\/en-direct\/13412060532066\/video-beyonce-a-marseille-malgre-la-pluie-un-concert-incroyable\" target=\"_blank\" rel=\"noopener\">Beyonc\u00e9 lui a rendu hommage lors d\u2019un concert au stade V\u00e9lodrome<\/a>, en reprenant son titre River Deep, Mountain High.<\/p>\n","protected":false},"excerpt":{"rendered":"Engonc\u00e9e dans un blazer gris, le regard masqu\u00e9 par des lunettes de soleil, Tina Turner n\u2019a cure des&hellip;\n","protected":false},"author":2,"featured_media":245435,"comment_status":"","ping_status":"","sticky":false,"template":"","format":"standard","meta":{"footnotes":""},"categories":[1355],"tags":[38525,17,3917,58,59,1011,27,2868,884,1361,873,38528,104,38526,38527],"class_list":{"0":"post-245434","1":"post","2":"type-post","3":"status-publish","4":"format-standard","5":"has-post-thumbnail","7":"category-musique","8":"tag-38525","9":"tag-17","10":"tag-avant","11":"tag-divertissement","12":"tag-entertainment","13":"tag-fr","14":"tag-france","15":"tag-juillet","16":"tag-marseille","17":"tag-music","18":"tag-musique","19":"tag-sinstallait","20":"tag-societe","21":"tag-tina","22":"tag-turner"},"share_on_mastodon":{"url":"https:\/\/pubeurope.com\/@fr\/114841532803961591","error":""},"_links":{"self":[{"href":"https:\/\/www.europesays.com\/fr\/wp-json\/wp\/v2\/posts\/245434","targetHints":{"allow":["GET"]}}],"collection":[{"href":"https:\/\/www.europesays.com\/fr\/wp-json\/wp\/v2\/posts"}],"about":[{"href":"https:\/\/www.europesays.com\/fr\/wp-json\/wp\/v2\/types\/post"}],"author":[{"embeddable":true,"href":"https:\/\/www.europesays.com\/fr\/wp-json\/wp\/v2\/users\/2"}],"replies":[{"embeddable":true,"href":"https:\/\/www.europesays.com\/fr\/wp-json\/wp\/v2\/comments?post=245434"}],"version-history":[{"count":0,"href":"https:\/\/www.europesays.com\/fr\/wp-json\/wp\/v2\/posts\/245434\/revisions"}],"wp:featuredmedia":[{"embeddable":true,"href":"https:\/\/www.europesays.com\/fr\/wp-json\/wp\/v2\/media\/245435"}],"wp:attachment":[{"href":"https:\/\/www.europesays.com\/fr\/wp-json\/wp\/v2\/media?parent=245434"}],"wp:term":[{"taxonomy":"category","embeddable":true,"href":"https:\/\/www.europesays.com\/fr\/wp-json\/wp\/v2\/categories?post=245434"},{"taxonomy":"post_tag","embeddable":true,"href":"https:\/\/www.europesays.com\/fr\/wp-json\/wp\/v2\/tags?post=245434"}],"curies":[{"name":"wp","href":"https:\/\/api.w.org\/{rel}","templated":true}]}}