{"id":245438,"date":"2025-07-12T17:52:11","date_gmt":"2025-07-12T17:52:11","guid":{"rendered":"https:\/\/www.europesays.com\/fr\/245438\/"},"modified":"2025-07-12T17:52:11","modified_gmt":"2025-07-12T17:52:11","slug":"etude-la-vaccination-durgence-reduit-le-nombre-de-deces-de-60","status":"publish","type":"post","link":"https:\/\/www.europesays.com\/fr\/245438\/","title":{"rendered":"Etude: La vaccination d\u2019urgence r\u00e9duit le nombre de d\u00e9c\u00e8s de 60%"},"content":{"rendered":"<p>Publi\u00e912. juillet 2025, 14:03<\/p>\n<p>Etude: La vaccination d\u2019urgence r\u00e9duit le nombre de d\u00e9c\u00e8s de 60%<\/p>\n<p>La vaccination d\u2019urgence lors d\u2019\u00e9pid\u00e9mies de maladies comme le chol\u00e9ra, Ebola et la rougeole a permis de r\u00e9duire de pr\u00e8s de 60% le nombre de d\u00e9c\u00e8s dus \u00e0 ces pathologies.<\/p>\n<p><img loading=\"lazy\" decoding=\"async\" src=\"https:\/\/www.europesays.com\/fr\/wp-content\/uploads\/2025\/07\/49381f18-9fb6-4f7c-b0d1-95652cbf0d61.jpg\" alt=\"Un professionnel de sant\u00e9 se pr\u00e9pare \u00e0 administrer un vaccin contre la rougeole \u00e0 un patient dans un centre de vaccination \u00e0 La Paz, le 3 juillet 2025.Le gouvernement bolivien a d\u00e9clar\u00e9 une urgence sanitaire nationale le 24 juin 2025, apr\u00e8s avoir confirm\u00e9 une augmentation des cas de rougeole au cours des deux mois pr\u00e9c\u00e9dents dans trois des neuf d\u00e9partements de ce pays. (Photo par AIZAR RALDES \/ AFP)\" title=\"Un professionnel de sant\u00e9 se pr\u00e9pare \u00e0 administrer un vaccin contre la rougeole \u00e0 un patient dans un centre de vaccination \u00e0 La Paz, le 3 juillet 2025.Le gouvernement bolivien a d\u00e9clar\u00e9 une urgence sanitaire nationale le 24 juin 2025, apr\u00e8s avoir confirm\u00e9 une augmentation des cas de rougeole au cours des deux mois pr\u00e9c\u00e9dents dans trois des neuf d\u00e9partements de ce pays. (Photo par AIZAR RALDES \/ AFP)\"  width=\"1200\" height=\"800\"\/><\/p>\n<p>Un professionnel de sant\u00e9 se pr\u00e9pare \u00e0 administrer un vaccin contre la rougeole \u00e0 un patient dans un centre de vaccination \u00e0 La Paz, le 3 juillet 2025.Le gouvernement bolivien a d\u00e9clar\u00e9 une urgence sanitaire nationale le 24 juin 2025, apr\u00e8s avoir confirm\u00e9 une augmentation des cas de rougeole au cours des deux mois pr\u00e9c\u00e9dents dans trois des neuf d\u00e9partements de ce pays. (Photo par AIZAR RALDES \/ AFP)<\/p>\n<p>AFP<\/p>\n<p>Ces faits sont d\u00e9montr\u00e9s par une nouvelle \u00e9tude, qui s&rsquo;int\u00e9resse aux 25 derni\u00e8res ann\u00e9es, d\u00e9montre une nouvelle \u00e9tude.<\/p>\n<p>Un nombre similaire d\u2019infections a \u00e9t\u00e9 \u00e9vit\u00e9, et les b\u00e9n\u00e9fices \u00e9conomiques li\u00e9s \u00e0 la vaccination sont estim\u00e9s \u00e0 des milliards d\u2019euros, selon cette \u00e9tude publi\u00e9e cette semaine dans le British Medical Journal (BMJ) Global Health.<\/p>\n<p>L\u2019\u00e9tude est soutenue par Gavi, l\u2019Alliance du vaccin, une organisation internationale qui, s\u2019appuyant sur des financements publics et priv\u00e9s, aide \u00e0 vacciner les enfants dans les pays les plus pauvres du monde.<\/p>\n<p>L\u2019organisation a collabor\u00e9 avec des chercheurs du Burnet Institute, en Australie, pour produire ce premier aper\u00e7u au monde de l\u2019impact des efforts de vaccination d\u2019urgence sur la sant\u00e9 publique et la s\u00e9curit\u00e9 sanitaire mondiale.<\/p>\n<p>\u00abPour la premi\u00e8re fois, nous sommes en mesure de quantifier de mani\u00e8re exhaustive les avantages, en termes humains et \u00e9conomiques, du d\u00e9ploiement de vaccins contre les \u00e9pid\u00e9mies de certaines des maladies infectieuses les plus meurtri\u00e8res\u00bb, s\u2019est f\u00e9licit\u00e9 Sania Nishtar, la cheffe de Gavi, dans un communiqu\u00e9.<\/p>\n<p>\u00abCette \u00e9tude d\u00e9montre clairement le pouvoir des vaccins comme r\u00e9ponse rentable face au risque croissant d\u2019\u00e9pid\u00e9mies auquel le monde est confront\u00e9\u00bb, a-t-elle ajout\u00e9.<\/p>\n<p>L\u2019\u00e9tude a examin\u00e9 210 \u00e9pid\u00e9mies de cinq maladies infectieuses (chol\u00e9ra, Ebola, rougeole, m\u00e9ningite et fi\u00e8vre jaune) dans 49 pays \u00e0 faible revenu entre 2000 et 2023.<\/p>\n<p>Elle montre que le d\u00e9ploiement des vaccins dans ces conditions a permis de r\u00e9duire le nombre d\u2019infections et de d\u00e9c\u00e8s de pr\u00e8s de 60% pour les cinq maladies.<\/p>\n<p>Et l\u2019effet est encore plus spectaculaire pour certaines pathologies. La vaccination a permis de r\u00e9duire de 99% le nombre de morts lors des \u00e9pid\u00e9mies de fi\u00e8vre jaune et de 76% le nombre de d\u00e9c\u00e8s dus \u00e0 Ebola.<\/p>\n<p>Dans le m\u00eame temps, la vaccination d\u2019urgence a permis de r\u00e9duire consid\u00e9rablement le risque qu\u2019une \u00e9pid\u00e9mie ne s\u2019\u00e9tende.<\/p>\n<p>L\u2019\u00e9tude estime \u00e9galement que les efforts de vaccination d\u00e9ploy\u00e9s au cours des 210 \u00e9pid\u00e9mies ont g\u00e9n\u00e9r\u00e9 environ 27 milliards d\u2019euros de b\u00e9n\u00e9fices \u00e9conomiques, en \u00e9vitant des d\u00e9c\u00e8s et des handicaps.<\/p>\n<p>Ce montant est probablement sous-estim\u00e9, pointe le rapport, car il ne prend pas en compte les co\u00fbts de r\u00e9ponse aux \u00e9pid\u00e9mies, ni les impacts sociaux et macro-\u00e9conomiques des perturbations engendr\u00e9es par les grandes \u00e9pid\u00e9mies.<\/p>\n<p>Par exemple, on estime que l\u2019\u00e9pid\u00e9mie massive d\u2019Ebola qui a frapp\u00e9 l\u2019Afrique de l\u2019Ouest en 2014, avant l\u2019existence de vaccins valid\u00e9s, puis a vu des cas appara\u00eetre dans le monde entier, a co\u00fbt\u00e9 plus de 45 milliards d\u2019euros aux seuls pays d\u2019Afrique de l\u2019Ouest.<\/p>\n<p>Cette \u00e9tude intervient apr\u00e8s que l\u2019Organisation mondiale de la sant\u00e9 (OMS) a averti en avril que les \u00e9pid\u00e9mies de maladies \u00e9vitables par la vaccination, telles que la rougeole, la m\u00e9ningite et la fi\u00e8vre jaune, \u00e9taient en augmentation dans le monde entier en raison de la d\u00e9sinformation et de la r\u00e9duction de l\u2019aide internationale.<\/p>\n<p>Gavi s\u2019efforce de consolider de nouveaux financements face aux r\u00e9ductions de l\u2019aide internationale. Washington a annonc\u00e9 le mois dernier qu\u2019il cesserait de soutenir le groupe.<\/p>\n","protected":false},"excerpt":{"rendered":"Publi\u00e912. juillet 2025, 14:03 Etude: La vaccination d\u2019urgence r\u00e9duit le nombre de d\u00e9c\u00e8s de 60% La vaccination d\u2019urgence&hellip;\n","protected":false},"author":2,"featured_media":245439,"comment_status":"","ping_status":"","sticky":false,"template":"","format":"standard","meta":{"footnotes":""},"categories":[10],"tags":[1011,27,72,71],"class_list":{"0":"post-245438","1":"post","2":"type-post","3":"status-publish","4":"format-standard","5":"has-post-thumbnail","7":"category-sante","8":"tag-fr","9":"tag-france","10":"tag-health","11":"tag-sante"},"share_on_mastodon":{"url":"https:\/\/pubeurope.com\/@fr\/114841540629774229","error":""},"_links":{"self":[{"href":"https:\/\/www.europesays.com\/fr\/wp-json\/wp\/v2\/posts\/245438","targetHints":{"allow":["GET"]}}],"collection":[{"href":"https:\/\/www.europesays.com\/fr\/wp-json\/wp\/v2\/posts"}],"about":[{"href":"https:\/\/www.europesays.com\/fr\/wp-json\/wp\/v2\/types\/post"}],"author":[{"embeddable":true,"href":"https:\/\/www.europesays.com\/fr\/wp-json\/wp\/v2\/users\/2"}],"replies":[{"embeddable":true,"href":"https:\/\/www.europesays.com\/fr\/wp-json\/wp\/v2\/comments?post=245438"}],"version-history":[{"count":0,"href":"https:\/\/www.europesays.com\/fr\/wp-json\/wp\/v2\/posts\/245438\/revisions"}],"wp:featuredmedia":[{"embeddable":true,"href":"https:\/\/www.europesays.com\/fr\/wp-json\/wp\/v2\/media\/245439"}],"wp:attachment":[{"href":"https:\/\/www.europesays.com\/fr\/wp-json\/wp\/v2\/media?parent=245438"}],"wp:term":[{"taxonomy":"category","embeddable":true,"href":"https:\/\/www.europesays.com\/fr\/wp-json\/wp\/v2\/categories?post=245438"},{"taxonomy":"post_tag","embeddable":true,"href":"https:\/\/www.europesays.com\/fr\/wp-json\/wp\/v2\/tags?post=245438"}],"curies":[{"name":"wp","href":"https:\/\/api.w.org\/{rel}","templated":true}]}}