{"id":245442,"date":"2025-07-12T17:54:10","date_gmt":"2025-07-12T17:54:10","guid":{"rendered":"https:\/\/www.europesays.com\/fr\/245442\/"},"modified":"2025-07-12T17:54:10","modified_gmt":"2025-07-12T17:54:10","slug":"julia-vignali-en-larmes-elle-decide-de-tout-arreter-je-vous-quitte","status":"publish","type":"post","link":"https:\/\/www.europesays.com\/fr\/245442\/","title":{"rendered":"Julia Vignali en larmes, elle d\u00e9cide de tout arr\u00eater : \u00ab\u00a0Je vous quitte\u00a0\u00bb"},"content":{"rendered":"<p>      R\u00e9sum\u00e9<\/p>\n<p>Apr\u00e8s deux ans de chronique sur Europe 1, Julia Vignali quitte la radio discr\u00e8tement pour se consacrer davantage \u00e0 son r\u00f4le dans Affaire conclue, marquant un d\u00e9part dans une p\u00e9riode de nombreux d\u00e9parts.<\/p>\n<p>        Sommaire<\/p>\n<p><strong>Julia Vignali tourne la page<\/strong>. Apr\u00e8s deux ann\u00e9es pass\u00e9es \u00e0 proposer une chronique hebdomadaire dans la matinale du samedi de L\u00e9na\u00efg Monier, l&rsquo;animatrice a d\u00e9cid\u00e9 de quitter Europe 1. Sans bruit aucun, cette d\u00e9cision a \u00e9t\u00e9 prise dans la confidentialit\u00e9 la plus totale. Et c&rsquo;est l&rsquo;animatrice d&rsquo;Affaire conclue, elle-m\u00eame, qui l&rsquo;a officialis\u00e9e ce matin, au micro, apr\u00e8s avoir cl\u00f4tur\u00e9 son ultime chronique consacr\u00e9e \u00e0 <a href=\"https:\/\/www.public.fr\/je-suis-degoute-soprano-le-coach-de-the-voice-kids-oblige-de-tout-annuler\" target=\"_blank\" rel=\"noopener\">Soprano<\/a>.<\/p>\n<p>En effet, ce samedi 12 juillet signait la derni\u00e8re chronique des Incontournables, que proposait Julia Vignali depuis septembre 2023 sur Europe 1. <a href=\"https:\/\/vsd.fr\/77535-kad-merad-et-julia-vignali-expriment-leur-desir-dadopter\/#:~:text=En%20plus%20d&#039;%C3%AAtre%20la,Vignali%20depuis%20le%20printemps%202022.\" target=\"_blank\" rel=\"noopener\">L&rsquo;\u00e9pouse de Kad Merad<\/a> a d\u00e9cid\u00e9 <strong>de quitter la radio sur laquelle elle \u00e9voluait depuis depuis plus de neuf ans<\/strong>. Elle avait en effet \u00e9t\u00e9 chronique de La cour des grands entre 2016 et 2017, l&rsquo;\u00e9mission de bande d&rsquo;Alessandra Sublet, puis avait anim\u00e9 entre 2021 et 2023 sa propre \u00e9mission, Bienfait pour vous, aux c\u00f4t\u00e9s de M\u00e9lanie Gomez. <\/p>\n<p>\u00ab\u00a0Merci \u00e0 vous L\u00e9na\u00efg, pour votre confiance, et aussi \u00e0 la direction d\u2019Europe 1 pour ces deux belles ann\u00e9es. Je voudrais en profiter pour remercier ma collaboratrice Claire Dutronc. C\u2019est gr\u00e2ce \u00e0 elle que nous avons eu la chance de rencontrer ces gens passionnants, ces artistes, que ce soit des acteurs, des chanteurs ou m\u00eame des auteurs, voil\u00e0. <strong>Je vous quitte la larme \u00e0 l&rsquo;\u0153il<\/strong>\u00a0\u00bb a t\u00e9moign\u00e9 celle qui, \u00e0 la rentr\u00e9e, <a href=\"https:\/\/www.public.fr\/flavie-flament-laurence-boccolini-anne-sophie-lapix-evincees-julia-vignali-y-echappe-et-evolue-dans-affaire-conclue\" target=\"_blank\" rel=\"noopener\">aura plus de travail \u00e0 Affaire conclue<\/a>. <\/p>\n<p>H\u00e9morragie \u00e0 Europe 1, Julia Vignali n&rsquo;est pas la seule \u00e0 s&rsquo;en aller<\/p>\n<p>Comme r\u00e9v\u00e9l\u00e9 par les producteurs de l&rsquo;\u00e9mission d&rsquo;ench\u00e8res, la neuvi\u00e8me saison propos\u00e9e d\u00e8s fin ao\u00fbt prochain va \u00e9voluer. Le r\u00f4le d&rsquo;animatrice de Julia Vignali sera plus important, et cette derni\u00e8re interagira davantage avec les candidats, mais aussi avec les commissaires-priseurs. Du c\u00f4t\u00e9 d&rsquo;Europe 1, il s&rsquo;agit d&rsquo;une h\u00e9morragie puisque <a href=\"https:\/\/www.public.fr\/jai-perdu-le-controle-de-cette-emission-pascale-de-la-tour-du-pin-apres-c8-elle-perd-son-job-sur-europe-1\" target=\"_blank\" rel=\"noopener\">de nombreux talents quittent la station<\/a> : <strong>Cyril Hanouna, Pascale de la Tour du Pin, Jean-Luc Lemoine, St\u00e9phane Bern ou encore Olivier Delacroix<\/strong> ne seront pas de retour \u00e0 la rentr\u00e9e. Julia Vignali se rajoute \u00e0 cette longue liste&#8230;<\/p>\n<p>      Mentionn\u00e9s dans cet article<\/p>\n<p>\u00c0 lire aussi<\/p>\n","protected":false},"excerpt":{"rendered":"R\u00e9sum\u00e9 Apr\u00e8s deux ans de chronique sur Europe 1, Julia Vignali quitte la radio discr\u00e8tement pour se consacrer&hellip;\n","protected":false},"author":2,"featured_media":245443,"comment_status":"","ping_status":"","sticky":false,"template":"","format":"standard","meta":{"footnotes":""},"categories":[8],"tags":[9885,58,59,1473,1011,27,27579,1825],"class_list":{"0":"post-245442","1":"post","2":"type-post","3":"status-publish","4":"format-standard","5":"has-post-thumbnail","7":"category-divertissement","8":"tag-affaire-conclue","9":"tag-divertissement","10":"tag-entertainment","11":"tag-europe-1","12":"tag-fr","13":"tag-france","14":"tag-julia-vignali","15":"tag-radio"},"share_on_mastodon":{"url":"https:\/\/pubeurope.com\/@fr\/114841548444652815","error":""},"_links":{"self":[{"href":"https:\/\/www.europesays.com\/fr\/wp-json\/wp\/v2\/posts\/245442","targetHints":{"allow":["GET"]}}],"collection":[{"href":"https:\/\/www.europesays.com\/fr\/wp-json\/wp\/v2\/posts"}],"about":[{"href":"https:\/\/www.europesays.com\/fr\/wp-json\/wp\/v2\/types\/post"}],"author":[{"embeddable":true,"href":"https:\/\/www.europesays.com\/fr\/wp-json\/wp\/v2\/users\/2"}],"replies":[{"embeddable":true,"href":"https:\/\/www.europesays.com\/fr\/wp-json\/wp\/v2\/comments?post=245442"}],"version-history":[{"count":0,"href":"https:\/\/www.europesays.com\/fr\/wp-json\/wp\/v2\/posts\/245442\/revisions"}],"wp:featuredmedia":[{"embeddable":true,"href":"https:\/\/www.europesays.com\/fr\/wp-json\/wp\/v2\/media\/245443"}],"wp:attachment":[{"href":"https:\/\/www.europesays.com\/fr\/wp-json\/wp\/v2\/media?parent=245442"}],"wp:term":[{"taxonomy":"category","embeddable":true,"href":"https:\/\/www.europesays.com\/fr\/wp-json\/wp\/v2\/categories?post=245442"},{"taxonomy":"post_tag","embeddable":true,"href":"https:\/\/www.europesays.com\/fr\/wp-json\/wp\/v2\/tags?post=245442"}],"curies":[{"name":"wp","href":"https:\/\/api.w.org\/{rel}","templated":true}]}}