{"id":245454,"date":"2025-07-12T18:00:11","date_gmt":"2025-07-12T18:00:11","guid":{"rendered":"https:\/\/www.europesays.com\/fr\/245454\/"},"modified":"2025-07-12T18:00:11","modified_gmt":"2025-07-12T18:00:11","slug":"le-chambon-feugerolles-lassociation-transverse-toujours-presente-aupres-du-public-handicape","status":"publish","type":"post","link":"https:\/\/www.europesays.com\/fr\/245454\/","title":{"rendered":"Le Chambon-Feugerolles. L\u2019association Transverse toujours pr\u00e9sente aupr\u00e8s du public handicap\u00e9"},"content":{"rendered":"<p>\u00c0la t\u00eate de l\u2019association Transverse, qui a impuls\u00e9 la cr\u00e9ation de la R\u00e9sidence Mutualiste Transverse, Martine Alvera coordonne l\u2019accompagnement des b\u00e9n\u00e9voles, \u00c9lodie Verhoeven se charge de l\u2019\u00e9v\u00e9nementiel, et Vincent Vacher g\u00e8re la communication et les partenariats\u00a0: \u00ab\u00a0On a aussi depuis dix ans notre fid\u00e8le tr\u00e9sori\u00e8re toujours pr\u00eate \u00e0 nous \u00e9pauler, Lauriane Barnier\u00a0\u00bb, souligne Vincent Vacher. Ce qui a bien chang\u00e9, c\u2019est le nombre de b\u00e9n\u00e9voles\u00a0: \u00ab\u00a0Ils sont 14, nous n\u2019avons pas encore r\u00e9ussi \u00e0 atteindre les 25 d\u2019avant Covid. Au bureau, nous sommes majoritairement en activit\u00e9 professionnelle. La complexit\u00e9 vient du fait qu\u2019il faut \u00eatre pr\u00e9sent en journ\u00e9e\u00a0\u00bb, r\u00e9v\u00e8lent Lauriane et Vincent.<\/p>\n<p>Pour poursuivre ses actions de d\u00e9veloppement de&#8230;<\/p>\n","protected":false},"excerpt":{"rendered":"\u00c0la t\u00eate de l\u2019association Transverse, qui a impuls\u00e9 la cr\u00e9ation de la R\u00e9sidence Mutualiste Transverse, Martine Alvera coordonne&hellip;\n","protected":false},"author":2,"featured_media":245455,"comment_status":"","ping_status":"","sticky":false,"template":"","format":"standard","meta":{"footnotes":""},"categories":[9653],"tags":[1111,11,2430,12162,7539,1777,674,1011,27,12161,12,25,4001,71],"class_list":{"0":"post-245454","1":"post","2":"type-post","3":"status-publish","4":"format-standard","5":"has-post-thumbnail","7":"category-saint-etienne","8":"tag-actu","9":"tag-actualites","10":"tag-auvergne-rhone-alpes","11":"tag-chambon-feugerolles-ville","12":"tag-edition-loire-sud","13":"tag-eu","14":"tag-europe","15":"tag-fr","16":"tag-france","17":"tag-le-chambon-feugerolles","18":"tag-news","19":"tag-republique-francaise","20":"tag-saint-etienne","21":"tag-sante"},"share_on_mastodon":{"url":"https:\/\/pubeurope.com\/@fr\/114841572112699063","error":""},"_links":{"self":[{"href":"https:\/\/www.europesays.com\/fr\/wp-json\/wp\/v2\/posts\/245454","targetHints":{"allow":["GET"]}}],"collection":[{"href":"https:\/\/www.europesays.com\/fr\/wp-json\/wp\/v2\/posts"}],"about":[{"href":"https:\/\/www.europesays.com\/fr\/wp-json\/wp\/v2\/types\/post"}],"author":[{"embeddable":true,"href":"https:\/\/www.europesays.com\/fr\/wp-json\/wp\/v2\/users\/2"}],"replies":[{"embeddable":true,"href":"https:\/\/www.europesays.com\/fr\/wp-json\/wp\/v2\/comments?post=245454"}],"version-history":[{"count":0,"href":"https:\/\/www.europesays.com\/fr\/wp-json\/wp\/v2\/posts\/245454\/revisions"}],"wp:featuredmedia":[{"embeddable":true,"href":"https:\/\/www.europesays.com\/fr\/wp-json\/wp\/v2\/media\/245455"}],"wp:attachment":[{"href":"https:\/\/www.europesays.com\/fr\/wp-json\/wp\/v2\/media?parent=245454"}],"wp:term":[{"taxonomy":"category","embeddable":true,"href":"https:\/\/www.europesays.com\/fr\/wp-json\/wp\/v2\/categories?post=245454"},{"taxonomy":"post_tag","embeddable":true,"href":"https:\/\/www.europesays.com\/fr\/wp-json\/wp\/v2\/tags?post=245454"}],"curies":[{"name":"wp","href":"https:\/\/api.w.org\/{rel}","templated":true}]}}