{"id":245468,"date":"2025-07-12T18:12:27","date_gmt":"2025-07-12T18:12:27","guid":{"rendered":"https:\/\/www.europesays.com\/fr\/245468\/"},"modified":"2025-07-12T18:12:27","modified_gmt":"2025-07-12T18:12:27","slug":"eybens-les-inscriptions-pour-le-marche-de-noel-ouvrent-jusquau-15-septembre","status":"publish","type":"post","link":"https:\/\/www.europesays.com\/fr\/245468\/","title":{"rendered":"Eybens. Les\u00a0inscriptions pour le march\u00e9 de No\u00ebl ouvrent jusqu\u2019au 15\u00a0septembre"},"content":{"rendered":"<p>Cette ann\u00e9e, le march\u00e9 de No\u00ebl aura lieu le 6\u00a0d\u00e9cembre, de 10\u00a0h\u00a030 \u00e0 19\u00a0h\u00a030 au Bourg, avec un feu d\u2019artifice en fin de journ\u00e9e. Les associations, producteurs, artisans et professionnels peuvent s\u2019inscrire pour participer jusqu\u2019au lundi 15\u00a0septembre. <\/p>\n<p class=\"note\">Une demande de participation aux frais d\u2019organisation est demand\u00e9e. Le nombre d\u2019exposants \u00e9tant limit\u00e9, il est conseill\u00e9 de faire parvenir son inscription accompagn\u00e9e du r\u00e8glement (par ch\u00e8que \u00e9tabli \u00e0 l\u2019ordre d\u2019Eybens en f\u00eate) le plus rapidement possible \u00e0 l\u2019adresse suivante\u00a0: Maison des associations, 8 rue du Ch\u00e2teau, 38320 Eybens.<\/p>\n","protected":false},"excerpt":{"rendered":"Cette ann\u00e9e, le march\u00e9 de No\u00ebl aura lieu le 6\u00a0d\u00e9cembre, de 10\u00a0h\u00a030 \u00e0 19\u00a0h\u00a030 au Bourg, avec un&hellip;\n","protected":false},"author":2,"featured_media":245469,"comment_status":"","ping_status":"","sticky":false,"template":"","format":"standard","meta":{"footnotes":""},"categories":[9566],"tags":[1111,11,2430,1687,112,1777,674,12390,3326,1011,27,2731,7000,12,25],"class_list":{"0":"post-245468","1":"post","2":"type-post","3":"status-publish","4":"format-standard","5":"has-post-thumbnail","7":"category-grenoble","8":"tag-actu","9":"tag-actualites","10":"tag-auvergne-rhone-alpes","11":"tag-culture-loisirs","12":"tag-edition-grenoble-agglomeration","13":"tag-eu","14":"tag-europe","15":"tag-eybens","16":"tag-fete-locale","17":"tag-fr","18":"tag-france","19":"tag-grenoble","20":"tag-lagglomeration","21":"tag-news","22":"tag-republique-francaise"},"share_on_mastodon":{"url":"https:\/\/pubeurope.com\/@fr\/114841619213273161","error":""},"_links":{"self":[{"href":"https:\/\/www.europesays.com\/fr\/wp-json\/wp\/v2\/posts\/245468","targetHints":{"allow":["GET"]}}],"collection":[{"href":"https:\/\/www.europesays.com\/fr\/wp-json\/wp\/v2\/posts"}],"about":[{"href":"https:\/\/www.europesays.com\/fr\/wp-json\/wp\/v2\/types\/post"}],"author":[{"embeddable":true,"href":"https:\/\/www.europesays.com\/fr\/wp-json\/wp\/v2\/users\/2"}],"replies":[{"embeddable":true,"href":"https:\/\/www.europesays.com\/fr\/wp-json\/wp\/v2\/comments?post=245468"}],"version-history":[{"count":0,"href":"https:\/\/www.europesays.com\/fr\/wp-json\/wp\/v2\/posts\/245468\/revisions"}],"wp:featuredmedia":[{"embeddable":true,"href":"https:\/\/www.europesays.com\/fr\/wp-json\/wp\/v2\/media\/245469"}],"wp:attachment":[{"href":"https:\/\/www.europesays.com\/fr\/wp-json\/wp\/v2\/media?parent=245468"}],"wp:term":[{"taxonomy":"category","embeddable":true,"href":"https:\/\/www.europesays.com\/fr\/wp-json\/wp\/v2\/categories?post=245468"},{"taxonomy":"post_tag","embeddable":true,"href":"https:\/\/www.europesays.com\/fr\/wp-json\/wp\/v2\/tags?post=245468"}],"curies":[{"name":"wp","href":"https:\/\/api.w.org\/{rel}","templated":true}]}}