{"id":245476,"date":"2025-07-12T18:16:13","date_gmt":"2025-07-12T18:16:13","guid":{"rendered":"https:\/\/www.europesays.com\/fr\/245476\/"},"modified":"2025-07-12T18:16:13","modified_gmt":"2025-07-12T18:16:13","slug":"strasbourg-lecole-du-tns-accueille-une-nouvelle-promotion-de-26-eleves-apres-un-concours-repense","status":"publish","type":"post","link":"https:\/\/www.europesays.com\/fr\/245476\/","title":{"rendered":"Strasbourg. L&rsquo;\u00e9cole du TNS accueille une nouvelle promotion de 26 \u00e9l\u00e8ves apr\u00e8s un concours repens\u00e9"},"content":{"rendered":"<p>Le visage rougi, les yeux au bord des larmes. Malgr\u00e9 l\u2019\u00e9motion, Anne (*) accepte de parler dans le hall du <a href=\"https:\/\/www.dna.fr\/culture-loisirs\/2025\/06\/17\/pour-la-saison-2025-26-le-tns-devient-une-babel-des-langues-pour-tous?login=1\" target=\"_blank\" rel=\"nofollow noopener\">Th\u00e9\u00e2tre national de Strasbourg (TNS)<\/a>.<\/p>\n<p>Originaire de Montpellier, l\u2019\u00e9tudiante en th\u00e9\u00e2tre de 21 ans vient de passer l\u2019oral du deuxi\u00e8me tour des \u00e9preuves de la section jeu du concours de l\u2019\u00e9cole du TNS. Elles se sont tenu d\u00e9but mars. Ils \u00e9taient 120 candidats venus de toute la France. Les jurys sont transdisciplinaires, compos\u00e9s de la directrice du TNS, Caroline Guiela Nguyen, de celle des \u00e9tudes, Marie Schaaff, des responsables p\u00e9dagogiques des cinq sections et d\u2019enseignants.<\/p>\n<p>Un concours d\u00e9localis\u00e9 hors Strasbourg pour la section jeu<\/p>\n<p>\u00c0 l\u2019issue du troisi\u00e8me et dernier tour d\u2019\u00e9preuves qui s\u2019est d\u00e9roul\u00e9 du 16 au 20\u00a0juin dernier, douze personnes ont \u00e9t\u00e9 admises dans la nouvelle promotion, le Groupe 50. Celui-ci r\u00e9unit 26 \u00e9tudiants qui outre le jeu, se forment \u00e0 la mise en sc\u00e8ne (2&#8230;<\/p>\n","protected":false},"excerpt":{"rendered":"Le visage rougi, les yeux au bord des larmes. Malgr\u00e9 l\u2019\u00e9motion, Anne (*) accepte de parler dans le&hellip;\n","protected":false},"author":2,"featured_media":245477,"comment_status":"","ping_status":"","sticky":false,"template":"","format":"standard","meta":{"footnotes":""},"categories":[2820],"tags":[1111,11,2389,1687,2880,1057,4854,1777,674,107,1011,27,775,12,25,3140,640,2879],"class_list":{"0":"post-245476","1":"post","2":"type-post","3":"status-publish","4":"format-standard","5":"has-post-thumbnail","7":"category-strasbourg","8":"tag-actu","9":"tag-actualites","10":"tag-alsace","11":"tag-culture-loisirs","12":"tag-edition-strasbourg","13":"tag-education","14":"tag-enseignement-superieur","15":"tag-eu","16":"tag-europe","17":"tag-fil-info","18":"tag-fr","19":"tag-france","20":"tag-grand-est","21":"tag-news","22":"tag-republique-francaise","23":"tag-spectacle","24":"tag-strasbourg","25":"tag-strasbourg-ville"},"share_on_mastodon":{"url":"https:\/\/pubeurope.com\/@fr\/114841634935007436","error":""},"_links":{"self":[{"href":"https:\/\/www.europesays.com\/fr\/wp-json\/wp\/v2\/posts\/245476","targetHints":{"allow":["GET"]}}],"collection":[{"href":"https:\/\/www.europesays.com\/fr\/wp-json\/wp\/v2\/posts"}],"about":[{"href":"https:\/\/www.europesays.com\/fr\/wp-json\/wp\/v2\/types\/post"}],"author":[{"embeddable":true,"href":"https:\/\/www.europesays.com\/fr\/wp-json\/wp\/v2\/users\/2"}],"replies":[{"embeddable":true,"href":"https:\/\/www.europesays.com\/fr\/wp-json\/wp\/v2\/comments?post=245476"}],"version-history":[{"count":0,"href":"https:\/\/www.europesays.com\/fr\/wp-json\/wp\/v2\/posts\/245476\/revisions"}],"wp:featuredmedia":[{"embeddable":true,"href":"https:\/\/www.europesays.com\/fr\/wp-json\/wp\/v2\/media\/245477"}],"wp:attachment":[{"href":"https:\/\/www.europesays.com\/fr\/wp-json\/wp\/v2\/media?parent=245476"}],"wp:term":[{"taxonomy":"category","embeddable":true,"href":"https:\/\/www.europesays.com\/fr\/wp-json\/wp\/v2\/categories?post=245476"},{"taxonomy":"post_tag","embeddable":true,"href":"https:\/\/www.europesays.com\/fr\/wp-json\/wp\/v2\/tags?post=245476"}],"curies":[{"name":"wp","href":"https:\/\/api.w.org\/{rel}","templated":true}]}}