{"id":245483,"date":"2025-07-12T18:20:18","date_gmt":"2025-07-12T18:20:18","guid":{"rendered":"https:\/\/www.europesays.com\/fr\/245483\/"},"modified":"2025-07-12T18:20:18","modified_gmt":"2025-07-12T18:20:18","slug":"infographie-voiture-train-ou-avion-le-match-des-departs-en-vacances","status":"publish","type":"post","link":"https:\/\/www.europesays.com\/fr\/245483\/","title":{"rendered":"INFOGRAPHIE. Voiture, train ou avion\u00a0: le match des d\u00e9parts en vacances"},"content":{"rendered":"<p>L\u2019Autorit\u00e9 de r\u00e9gulation des transports estime qu\u2019en g\u00e9n\u00e9ral, pour un trajet de 100\u00a0kilom\u00e8tres, la voiture co\u00fbte 5,20\u00a0\u20ac par passager, sans p\u00e9age, 6,80\u00a0\u20ac pour le train type Ouigo et 5\u00a0\u20ac de plus en TGV. Pour autant,<a href=\"https:\/\/rennes.maville.com\/actu\/actudet_-vacances-comment-se-decompose-le-prix-d-un-billet-de-train-ou-d-avion-_54135-6887029_actu.Htm\" target=\"_self\" rel=\"noopener\"> se d\u00e9placer en train en France revient en moyenne moins cher qu\u2019en avion, sauf correspondance<\/a>. \u00c0 l\u2019inverse, l\u2019a\u00e9rien reste imbattable pour des trajets en Europe, souligne l\u2019association fran\u00e7aise de d\u00e9fense des consommateurs UFC-Que Choisir et le r\u00e9seau action climat. Quant \u00e0 la voiture, elle devient attractive pour les familles de quatre personnes et plus.<\/p>\n<p>Paris et le reste de la France<\/p>\n<p>\u00c0 partir des 48\u00a0liaisons a\u00e9riennes les plus fr\u00e9quent\u00e9es de France, UFC Que choisir, \u00e0 partir de deux sc\u00e9narios (2 ou 4\u00a0personnes), le train est moins cher au d\u00e9part ou vers Paris. Pendant l\u2019\u00e9t\u00e9, 60\u00a0% des trajets sont deux fois moins chers en train qu\u2019en avion. En revanche pour les trajets entre villes de province, quand une correspondance entre deux TGV est n\u00e9cessaire, l\u2019avion devient plus rentable de 37\u00a0%, en dehors des lignes Marseille-Strasbourg et Strasbourg-Bordeaux.<\/p>\n<p>\t<img decoding=\"async\" src=\"https:\/\/www.europesays.com\/fr\/wp-content\/uploads\/2025\/07\/P35352268D6897589G_px_640_.jpg\" alt=\"photo le tableau comparatif  \u00a9  ouest-france\" width=\"640\" title=\" Le tableau comparatif   Ouest-France \"\/><\/p>\n<p class=\"elmt-legende\"> Le tableau comparatif   Ouest-France <\/p>\n<p>Quand pr\u00e9f\u00e9rer la voiture\u00a0?<\/p>\n<p>Sur les m\u00eames liaisons, pour une famille de quatre personnes, un tiers des trajets sont moins chers, par rapport au train et l\u2019avion, de 30\u00a0% et de 44\u00a0%. Pour deux personnes, seul le trajet entre Toulouse et Rennes se montre plus avantageux financi\u00e8rement en voiture. Le co\u00fbt des bagages notamment plombe l\u2019avion, mode de transport le moins vertueux sur le plan environnemental. En revanche, ce mode de transport b\u00e9n\u00e9ficie d\u2019une absence de taxe sur le k\u00e9ros\u00e8ne pour maintenir des tarifs attractifs. Seules deux liaisons, Bordeaux-Nice et Nantes-Strasbourg sont moins co\u00fbteuses en avion.<\/p>\n<p><strong>Lire aussi.<\/strong>\u00a0<a href=\"https:\/\/rennes.maville.com\/actu\/actudet_-bison-fute-a-quoi-s-attendre-sur-la-route-pour-le-week-end-du-14-juillet-_54135-6894719_actu.Htm\" target=\"_self\" rel=\"noopener\">Bison fut\u00e9 : \u00e0 quoi s\u2019attendre sur la route pour ce week-end du 14 juillet ?<\/a><\/p>\n<p>Attention au co\u00fbt de la voiture<\/p>\n<p>84\u00a0% des vacanciers pr\u00e9voient de prendre la voiture cet \u00e9t\u00e9 selon Roole, un club automobile qui propose des services de protection contre le vol, des garanties compl\u00e9mentaires \u00e0 l\u2019assurance auto principale. Dans le d\u00e9tail, 60\u00a0% choisissent la voiture pour sa libert\u00e9 de mouvement sur place, 36\u00a0% pour l\u2019organisation facilit\u00e9e, 29\u00a0% pour faire des \u00e9conomies. Le budget moyen voiture pour l\u2019\u00e9t\u00e9 2025 est de 260\u00a0\u20ac, en baisse de 30\u00a0\u20ac par rapport \u00e0 2024.<\/p>\n<p>De la France vers l\u2019Europe\u00a0: l\u2019avion au sommet<\/p>\n<p>Un rapport de Greenpeace attendu cet \u00e9t\u00e9, estime qu\u2019en Europe <a href=\"https:\/\/rennes.maville.com\/actu\/actudet_-en-france-ces-trajets-sont-quasiment-deux-fois-plus-rapides-et-moins-chers-en-train-qu-en-avion-_53511-6799708_actu.Htm\" target=\"_self\" rel=\"noopener\">\u00ab\u00a0le train est en moyenne 2,5 fois plus cher que l\u2019avion\u00a0\u00bb<\/a>. Pour un Paris-Rome il faut compter 70\u00a0\u20ac en avion contre 210\u00a0\u20ac en moyenne pour le train. Lors de la pr\u00e9c\u00e9dente publication de 2023, l\u2019ONG estimait ce ratio \u00e0 2,6. Vers Barcelone ou Londres, les billets de train \u00e9taient m\u00eame jusqu\u2019\u00e0 trente fois plus chers selon la p\u00e9riode de l\u2019ann\u00e9e.<\/p>\n<p>Et le bus\u00a0?<\/p>\n<p>Les bus longue dur\u00e9e peuvent-ils \u00eatre une option pour ma\u00eetriser son budget\u00a0? Selon les donn\u00e9es de la plate-forme de vente de billets Kombo, en ao\u00fbt prochain un aller Paris-Marseille est plus cher en bus qu\u2019en train (104\u00a0\u20ac vs 110\u00a0\u20ac). Ce n\u2019est pas le cas en juillet mais l\u2019\u00e9cart de 20\u00a0\u20ac peut-il justifier la dur\u00e9e bien importante par la route\u00a0? Libre \u00e0 chaque voyageur mais les bus, comme le train, utilisent le yield management, cette technique qui ajuste le prix \u00e0 la demande\u2026<\/p>\n<p>\u00a0<\/p>\n","protected":false},"excerpt":{"rendered":"L\u2019Autorit\u00e9 de r\u00e9gulation des transports estime qu\u2019en g\u00e9n\u00e9ral, pour un trajet de 100\u00a0kilom\u00e8tres, la voiture co\u00fbte 5,20\u00a0\u20ac par&hellip;\n","protected":false},"author":2,"featured_media":245484,"comment_status":"","ping_status":"","sticky":false,"template":"","format":"standard","meta":{"footnotes":""},"categories":[2818],"tags":[1111,11,37,16162,1777,674,1011,27,230,955,766,12,2636,25,926,2528,4752],"class_list":{"0":"post-245483","1":"post","2":"type-post","3":"status-publish","4":"format-standard","5":"has-post-thumbnail","7":"category-nantes","8":"tag-actu","9":"tag-actualites","10":"tag-avion","11":"tag-departs","12":"tag-eu","13":"tag-europe","14":"tag-fr","15":"tag-france","16":"tag-infographie","17":"tag-match","18":"tag-nantes","19":"tag-news","20":"tag-pays-de-la-loire","21":"tag-republique-francaise","22":"tag-train","23":"tag-vacances","24":"tag-voiture"},"share_on_mastodon":{"url":"https:\/\/pubeurope.com\/@fr\/114841650734121878","error":""},"_links":{"self":[{"href":"https:\/\/www.europesays.com\/fr\/wp-json\/wp\/v2\/posts\/245483","targetHints":{"allow":["GET"]}}],"collection":[{"href":"https:\/\/www.europesays.com\/fr\/wp-json\/wp\/v2\/posts"}],"about":[{"href":"https:\/\/www.europesays.com\/fr\/wp-json\/wp\/v2\/types\/post"}],"author":[{"embeddable":true,"href":"https:\/\/www.europesays.com\/fr\/wp-json\/wp\/v2\/users\/2"}],"replies":[{"embeddable":true,"href":"https:\/\/www.europesays.com\/fr\/wp-json\/wp\/v2\/comments?post=245483"}],"version-history":[{"count":0,"href":"https:\/\/www.europesays.com\/fr\/wp-json\/wp\/v2\/posts\/245483\/revisions"}],"wp:featuredmedia":[{"embeddable":true,"href":"https:\/\/www.europesays.com\/fr\/wp-json\/wp\/v2\/media\/245484"}],"wp:attachment":[{"href":"https:\/\/www.europesays.com\/fr\/wp-json\/wp\/v2\/media?parent=245483"}],"wp:term":[{"taxonomy":"category","embeddable":true,"href":"https:\/\/www.europesays.com\/fr\/wp-json\/wp\/v2\/categories?post=245483"},{"taxonomy":"post_tag","embeddable":true,"href":"https:\/\/www.europesays.com\/fr\/wp-json\/wp\/v2\/tags?post=245483"}],"curies":[{"name":"wp","href":"https:\/\/api.w.org\/{rel}","templated":true}]}}