{"id":245492,"date":"2025-07-12T18:25:25","date_gmt":"2025-07-12T18:25:25","guid":{"rendered":"https:\/\/www.europesays.com\/fr\/245492\/"},"modified":"2025-07-12T18:25:25","modified_gmt":"2025-07-12T18:25:25","slug":"tour-de-france-2025-devant-ce-celebre-bar-de-toulouse-le-public-est-invite-a-pedaler-pour-la-bonne-cause","status":"publish","type":"post","link":"https:\/\/www.europesays.com\/fr\/245492\/","title":{"rendered":"Tour de France 2025. Devant ce c\u00e9l\u00e8bre bar de Toulouse, le public est invit\u00e9 \u00e0 p\u00e9daler pour la bonne cause"},"content":{"rendered":"<p>            Par<br \/>\n        <strong><br \/>\n            <a href=\"https:\/\/actu.fr\/auteur\/marie-lamarque\" title=\"Consulter tous les articles de Marie Lamarque\" rel=\"nofollow noopener\" target=\"_blank\">Marie Lamarque<\/a><br \/>\n        <\/strong><\/p>\n<p>        Publi\u00e9 le<\/p>\n<p>            12 juil. 2025 \u00e0 18h07        <\/p>\n<p>Ils sont attendus de pied ferme devant l\u2019un des bars les plus embl\u00e9matiques de la place Saint-Pierre <a href=\"https:\/\/actu.fr\/toulouse\/\" rel=\"nofollow noopener\" target=\"_blank\">\u00e0 Toulouse<\/a>. Mercredi 16 juillet 2025, pour la <strong>11e \u00e9tape du Tour de France<\/strong>, les coureurs effectueront <strong>une boucle de 156,8 km<\/strong> <a href=\"https:\/\/actu.fr\/occitanie\/toulouse_31555\/ou-voir-le-tour-de-france-a-toulouse-voici-le-trace-de-la-boucle-qui-part-et-arrive-dans-la-ville-rose_62435697.html\" rel=\"nofollow noopener\" target=\"_blank\">au d\u00e9part et \u00e0 l\u2019arriv\u00e9e de la Ville rose<\/a>.<\/p>\n<p class=\" wall-content\">De quoi faire frissonner les fans de la Grande Boucle, et les habitu\u00e9s de Chez Tonton ! Le parcours pr\u00e9voit un passage juste devant l\u2019adresse tout en jaune, avant une poursuite de la course via les all\u00e9es de Brienne.<\/p>\n<p class=\" wall-content\">Le rep\u00e8re des \u00e9tudiants et des f\u00eatards a annonc\u00e9 tout un programme pour l\u2019occasion. Des v\u00e9los fixes seront m\u00eame mis \u00e0 la disposition du public, le tout, pour la bonne cause !<\/p>\n<p>Lever de coude et bon coup de p\u00e9dale !<\/p>\n<p class=\" wall-content\">Le rendez-vous est donn\u00e9 les mardi 15 et mercredi 16 juillet Chez Tonton. Et pour bien commencer les festivit\u00e9s, le bar proposera aux volontaires de \u00ab\u00a0p\u00e9daler pour les c\u0153urs\u00a0\u00bb. Si d\u2019habitude, son sport national, c\u2019est le lever de coude, ici, ce sont plut\u00f4t les mollets qui vont travailler !<\/p>\n<p class=\" wall-content\"><strong>Cinq v\u00e9los fixes<\/strong> seront install\u00e9s devant le bar pour inviter les volontaires \u00e0 donner un bon coup de p\u00e9dale le mardi 15 juillet, de 11h \u00e0 17h. Pour chaque kilom\u00e8tre parcouru, <strong>deux euros seront revers\u00e9s \u00e0 M\u00e9c\u00e9nat Chirurgie Cardiaque<\/strong>. <a href=\"https:\/\/mecenat-cardiaque.org\/\" rel=\"nofollow noopener\" target=\"_blank\">Cette association<\/a> permet \u00e0 des enfants atteints de malformations cardiaques d\u2019\u00eatre op\u00e9r\u00e9s lorsque cela est impossible dans leur pays, faute de moyens techniques ou financiers.<\/p>\n<p>Vid\u00e9os : en ce moment sur Actu<\/p>\n<p class=\" wall-content\">Personnalit\u00e9s locales et sportifs pourraient se m\u00ealer au grand public pour cette action. M\u00eame Mamie y sera !<\/p>\n<p class=\" wall-content\">\n<p>Rendez-vous au virage des Canalets !<\/p>\n<p class=\" wall-content\">C\u2019est bien connu, apr\u00e8s l\u2019effort, le r\u00e9confort ! D\u00e8s 18h, ce mardi, les f\u00eatards sont convi\u00e9s \u00e0 une soir\u00e9e Toulouse-Toulouse pour faire \u00ab\u00a0la bringue entre maillots jaunes\u00a0\u00bb.<\/p>\n<p class=\" wall-content\">De quoi pr\u00e9parer l\u2019\u00e9tape du lendemain avec le passage des coureurs devant Chez Tonton qui devrait avoir lieu aux alentours de 13h30.<\/p>\n<p class=\" wall-content\">\n<p class=\" wall-content\">Pour l\u2019un des moments forts de la journ\u00e9e de ce mercredi, Chez Tonton sera au chemin des Canalets, dans le quartier de Pech-David, tout au long de l\u2019apr\u00e8s-midi. C\u2019est ici que les coureurs devront affronter un virage en \u00e9pingle, en venant du chemin des \u00c9troits. Spectacle garanti !<\/p>\n<p>    <a href=\"https:\/\/www.google.com\/maps\/embed?pb=!1m18!1m12!1m3!1d2891.074943220727!2d1.4408547129609282!3d43.56332147098612!2m3!1f0!2f0!3f0!3m2!1i1024!2i768!4f13.1!3m3!1m2!1s0x12aebc082a029f81%3A0x1db8d23eb9ba5f3f!2sChem.%20des%20Canalets%2C%2031400%20Toulouse!5e0!3m2!1sfr!2sfr!4v1752156774752!5m2!1sfr!2sfr\" title=\"Ouvrie le lien\" rel=\"nofollow noopener\" target=\"_blank\">Cliquez ici pour visualiser le contenu<\/a><\/p>\n<p class=\" wall-content\">Et d\u2019ici l\u00e0, le bar se garde tout le loisir de pr\u00e9parer encore <strong>d\u2019autres surprises<\/strong> !<\/p>\n<p class=\" wall-content\">Suivez toute l\u2019actualit\u00e9 de vos villes et m\u00e9dias favoris en vous inscrivant \u00e0 <a href=\"https:\/\/moncompte.actu.fr\" title=\"D\u00e9couvez Mon Actu\" rel=\"nofollow noopener\" data-trk=\"{&quot;cta&quot;:{&quot;action&quot;:&quot;https:\\\/\\\/moncompte.actu.fr&quot;,&quot;category&quot;:&quot;mon compte&quot;,&quot;from&quot;:&quot;article footer&quot;,&quot;name&quot;:&quot;Mon actu&quot;,&quot;type&quot;:&quot;cta&quot;}}\" target=\"_blank\">Mon Actu<\/a>.<\/p>\n<ul class=\"ac-article-tag wall-content\">\n<li><a href=\"https:\/\/actu.fr\/tag\/tour-de-france\" data-trk=\"{&quot;cta&quot;:{&quot;action&quot;:&quot;Tour de France&quot;,&quot;category&quot;:&quot;tag&quot;,&quot;from&quot;:&quot;article footer&quot;,&quot;name&quot;:&quot;Tour de France&quot;,&quot;type&quot;:&quot;cta&quot;}}\" rel=\"nofollow noopener\" target=\"_blank\">#Tour de France<\/a><\/li>\n<li><a href=\"https:\/\/actu.fr\/tag\/tour-de-france-2025\" data-trk=\"{&quot;cta&quot;:{&quot;action&quot;:&quot;Tour de France 2025&quot;,&quot;category&quot;:&quot;tag&quot;,&quot;from&quot;:&quot;article footer&quot;,&quot;name&quot;:&quot;Tour de France 2025&quot;,&quot;type&quot;:&quot;cta&quot;}}\" rel=\"nofollow noopener\" target=\"_blank\">#Tour de France 2025<\/a><\/li>\n<\/ul>\n","protected":false},"excerpt":{"rendered":"Par Marie Lamarque Publi\u00e9 le 12 juil. 2025 \u00e0 18h07 Ils sont attendus de pied ferme devant l\u2019un&hellip;\n","protected":false},"author":2,"featured_media":245493,"comment_status":"","ping_status":"","sticky":false,"template":"","format":"standard","meta":{"footnotes":""},"categories":[2816],"tags":[1111,11,1777,674,1011,27,12,2680,25,104,2312,210,2116],"class_list":{"0":"post-245492","1":"post","2":"type-post","3":"status-publish","4":"format-standard","5":"has-post-thumbnail","7":"category-toulouse","8":"tag-actu","9":"tag-actualites","10":"tag-eu","11":"tag-europe","12":"tag-fr","13":"tag-france","14":"tag-news","15":"tag-occitanie","16":"tag-republique-francaise","17":"tag-societe","18":"tag-toulouse","19":"tag-tour-de-france","20":"tag-tour-de-france-2025"},"share_on_mastodon":{"url":"https:\/\/pubeurope.com\/@fr\/114841670323716806","error":""},"_links":{"self":[{"href":"https:\/\/www.europesays.com\/fr\/wp-json\/wp\/v2\/posts\/245492","targetHints":{"allow":["GET"]}}],"collection":[{"href":"https:\/\/www.europesays.com\/fr\/wp-json\/wp\/v2\/posts"}],"about":[{"href":"https:\/\/www.europesays.com\/fr\/wp-json\/wp\/v2\/types\/post"}],"author":[{"embeddable":true,"href":"https:\/\/www.europesays.com\/fr\/wp-json\/wp\/v2\/users\/2"}],"replies":[{"embeddable":true,"href":"https:\/\/www.europesays.com\/fr\/wp-json\/wp\/v2\/comments?post=245492"}],"version-history":[{"count":0,"href":"https:\/\/www.europesays.com\/fr\/wp-json\/wp\/v2\/posts\/245492\/revisions"}],"wp:featuredmedia":[{"embeddable":true,"href":"https:\/\/www.europesays.com\/fr\/wp-json\/wp\/v2\/media\/245493"}],"wp:attachment":[{"href":"https:\/\/www.europesays.com\/fr\/wp-json\/wp\/v2\/media?parent=245492"}],"wp:term":[{"taxonomy":"category","embeddable":true,"href":"https:\/\/www.europesays.com\/fr\/wp-json\/wp\/v2\/categories?post=245492"},{"taxonomy":"post_tag","embeddable":true,"href":"https:\/\/www.europesays.com\/fr\/wp-json\/wp\/v2\/tags?post=245492"}],"curies":[{"name":"wp","href":"https:\/\/api.w.org\/{rel}","templated":true}]}}