{"id":245498,"date":"2025-07-12T18:29:14","date_gmt":"2025-07-12T18:29:14","guid":{"rendered":"https:\/\/www.europesays.com\/fr\/245498\/"},"modified":"2025-07-12T18:29:14","modified_gmt":"2025-07-12T18:29:14","slug":"marseille-un-homme-interpelle-apres-une-tentative-de-meurtre-a-la-machette-en-pleine-rue","status":"publish","type":"post","link":"https:\/\/www.europesays.com\/fr\/245498\/","title":{"rendered":"Marseille. Un homme interpell\u00e9 apr\u00e8s une tentative de meurtre \u00e0 la machette en pleine rue"},"content":{"rendered":"<p>Vendredi, en plein centre-ville de Marseille (Bouches-du-Rh\u00f4ne), un homme a \u00e9t\u00e9 interpell\u00e9 pour une tentative de meurtre \u00e0 la machette, rapportent <a href=\"https:\/\/www.bfmtv.com\/marseille\/faits-divers\/marseille-un-homme-arrete-apres-une-tentative-de-meurtre-a-la-machette-en-plein-centre-ville_AN-202507120226.html\" target=\"_blank\" rel=\"nofollow noopener\">BFM Marseille<\/a> et <a href=\"https:\/\/france3-regions.franceinfo.fr\/provence-alpes-cote-d-azur\/bouches-du-rhone\/marseille\/un-homme-blesse-a-la-machette-se-refugie-dans-un-bus-pour-echapper-a-son-agresseur-3186852.html\" target=\"_blank\" rel=\"nofollow noopener\">France 3 Provence-Alpes-C\u00f4te d&rsquo;Azur<\/a>.<\/p>\n<p>Pour \u00e9chapper \u00e0 son agresseur, la victime, un homme d&rsquo;une trentaine d&rsquo;ann\u00e9es, s&rsquo;\u00e9tait refugi\u00e9e dans un bus pr\u00e8s de la Porte d&rsquo;Aix, \u00e0 la jonction des 1er, 2e et 3e arrondissements de la cit\u00e9 phoc\u00e9enne. Elle a \u00e9t\u00e9 bless\u00e9e aux membres sup\u00e9rieurs mais ses jours ne sont pas en danger.<\/p>\n<p>Ce contenu est bloqu\u00e9 car vous n&rsquo;avez pas accept\u00e9 les cookies et autres traceurs.<\/p>\n<p>En cliquant sur \u00ab J\u2019accepte \u00bb, les cookies et autres traceurs seront d\u00e9pos\u00e9s et vous pourrez visualiser les contenus  (<a href=\"\" class=\"consentModule_policy\" target=\"_blank\" title=\"Consulter la politique de protection des donn\u00e9es du fournisseur\">plus d&rsquo;informations<\/a>).<\/p>\n<p>En cliquant sur \u00ab J\u2019accepte tous les cookies \u00bb, vous autorisez des d\u00e9p\u00f4ts de cookies et autres traceurs pour le stockage de vos donn\u00e9es sur nos sites et applications \u00e0 des fins de personnalisation et de ciblage publicitaire.<\/p>\n<p class=\"consentModule_secondaryText\">Vous gardez la possibilit\u00e9 de retirer votre consentement \u00e0 tout moment en consultant notre <a href=\"https:\/\/www.ledauphine.com\/protection-des-donnees\" target=\"_blank\" title=\"Consulter notre politique de protection des donn\u00e9es\" rel=\"nofollow noopener\">politique de protection des donn\u00e9es<\/a>. <br \/>&#13;<br \/>\n            <a href=\"https:\/\/www.ledauphine.com\/faits-divers-justice\/2025\/07\/12\/javascript:Didomi.notice.show()\" class=\"consentModule_cmp\" rel=\"nofollow noopener\" target=\"_blank\">G\u00e9rer mes choix<\/a>&#13;\n        <\/p>\n<p>&#13;<br \/>\n                        J&rsquo;accepte&#13;<br \/>\n            J&rsquo;accepte tous les cookies&#13;\n        <\/p>\n<p>  Couvert de sang<\/p>\n<p>Le suspect, un sans-abri d&rsquo;une vingtaine d&rsquo;ann\u00e9es, a \u00e9t\u00e9 arr\u00eat\u00e9 peu apr\u00e8s gr\u00e2ce aux cam\u00e9ras de vid\u00e9osurveillance. Il \u00e9tait couvert de sang au moment de son interpellation. Selon France 3 Provence-Alpes-C\u00f4te d&rsquo;Azur, sa machette n&rsquo;a pas \u00e9t\u00e9 retrouv\u00e9e par les policiers.<\/p>\n","protected":false},"excerpt":{"rendered":"Vendredi, en plein centre-ville de Marseille (Bouches-du-Rh\u00f4ne), un homme a \u00e9t\u00e9 interpell\u00e9 pour une tentative de meurtre \u00e0&hellip;\n","protected":false},"author":2,"featured_media":245499,"comment_status":"","ping_status":"","sticky":false,"template":"","format":"standard","meta":{"footnotes":""},"categories":[2814],"tags":[1111,11,271,272,1777,674,274,107,1011,27,329,884,12,882,25],"class_list":{"0":"post-245498","1":"post","2":"type-post","3":"status-publish","4":"format-standard","5":"has-post-thumbnail","7":"category-marseille","8":"tag-actu","9":"tag-actualites","10":"tag-crime","11":"tag-delit-et-contravention","12":"tag-eu","13":"tag-europe","14":"tag-faits-divers-justice","15":"tag-fil-info","16":"tag-fr","17":"tag-france","18":"tag-france-monde","19":"tag-marseille","20":"tag-news","21":"tag-provence-alpes-cote-dazur","22":"tag-republique-francaise"},"share_on_mastodon":{"url":"https:\/\/pubeurope.com\/@fr\/114841686235623672","error":""},"_links":{"self":[{"href":"https:\/\/www.europesays.com\/fr\/wp-json\/wp\/v2\/posts\/245498","targetHints":{"allow":["GET"]}}],"collection":[{"href":"https:\/\/www.europesays.com\/fr\/wp-json\/wp\/v2\/posts"}],"about":[{"href":"https:\/\/www.europesays.com\/fr\/wp-json\/wp\/v2\/types\/post"}],"author":[{"embeddable":true,"href":"https:\/\/www.europesays.com\/fr\/wp-json\/wp\/v2\/users\/2"}],"replies":[{"embeddable":true,"href":"https:\/\/www.europesays.com\/fr\/wp-json\/wp\/v2\/comments?post=245498"}],"version-history":[{"count":0,"href":"https:\/\/www.europesays.com\/fr\/wp-json\/wp\/v2\/posts\/245498\/revisions"}],"wp:featuredmedia":[{"embeddable":true,"href":"https:\/\/www.europesays.com\/fr\/wp-json\/wp\/v2\/media\/245499"}],"wp:attachment":[{"href":"https:\/\/www.europesays.com\/fr\/wp-json\/wp\/v2\/media?parent=245498"}],"wp:term":[{"taxonomy":"category","embeddable":true,"href":"https:\/\/www.europesays.com\/fr\/wp-json\/wp\/v2\/categories?post=245498"},{"taxonomy":"post_tag","embeddable":true,"href":"https:\/\/www.europesays.com\/fr\/wp-json\/wp\/v2\/tags?post=245498"}],"curies":[{"name":"wp","href":"https:\/\/api.w.org\/{rel}","templated":true}]}}