{"id":245500,"date":"2025-07-12T18:30:31","date_gmt":"2025-07-12T18:30:31","guid":{"rendered":"https:\/\/www.europesays.com\/fr\/245500\/"},"modified":"2025-07-12T18:30:31","modified_gmt":"2025-07-12T18:30:31","slug":"ca-cree-de-la-fraicheur","status":"publish","type":"post","link":"https:\/\/www.europesays.com\/fr\/245500\/","title":{"rendered":"\u00c7a cr\u00e9\u00e9 de la fra\u00eecheur"},"content":{"rendered":"<p>            Par<br \/>\n        <strong><br \/>\n            <a href=\"https:\/\/actu.fr\/auteur\/anthony-soudani\" title=\"Consulter tous les articles de Anthony Soudani\" target=\"_blank\" rel=\"noopener\">Anthony Soudani<\/a><br \/>\n        <\/strong><\/p>\n<p>        Publi\u00e9 le<\/p>\n<p>            12 juil. 2025 \u00e0 7h54        <\/p>\n<p>Que pensez-vous de <a href=\"https:\/\/actu.fr\/auvergne-rhone-alpes\/lyon_69123\/lyon-l-oeuvre-tres-critiquee-place-bellecour-est-terminee-voici-le-resultat-final_62887252.html\" target=\"_blank\" rel=\"noopener\">l\u2019\u0153uvre Tissage urbain<\/a> ? Si sur les r\u00e9seaux sociaux, les avis sont pour la plupart n\u00e9gatifs, <a href=\"https:\/\/actu.fr\/auvergne-rhone-alpes\/lyon_69123\/lyon-efficace-rate-l-oeuvre-polemique-place-bellecour-divise-les-lyonnais_62896298.html\" target=\"_blank\" rel=\"noopener\">les Lyonnais semblent plut\u00f4t divis\u00e9s<\/a> lorsqu\u2019on leur pose la question place Bellecour. Termin\u00e9e depuis le d\u00e9but de la semaine, elle est scrut\u00e9e par les passants, photographi\u00e9e.<br \/>Certains s\u2019assoient sous les ombri\u00e8res, d\u2019autres essaient les brumisateurs. Celui qui passe le plus de temps sur cette place est certainement <strong>Romain Froquet<\/strong>. L\u2019un <a href=\"https:\/\/actu.fr\/auvergne-rhone-alpes\/lyon_69123\/lyon-les-createurs-de-l-oeuvre-geante-de-bellecour-s-expliquent-et-repondent-aux-critiques_62790438.html\" target=\"_blank\" rel=\"noopener\">des cr\u00e9ateurs<\/a> de Tissage urbain confie son \u00e9motion depuis que l\u2019\u0153uvre est termin\u00e9e.\u00a0<\/p>\n<p>\u00ab\u00a0Depuis cinq jours, je ne quitte pas cette place\u00a0\u00bb<\/p>\n<p class=\" wall-content\">\u00ab\u00a0Tissage urbain appartient d\u00e9sormais \u00e0 cette place Bellecour pour une p\u00e9riode de cinq ans. Je suis tr\u00e8s \u00e9mu, tr\u00e8s \u00e9mu de voir cette place prendre vie, les gens s\u2019assoient, cette brumisation qui correspond \u00e0 la ligne le bleu. <strong>Le bleu symbolise l\u2019eau, le vert, la nature, et le jaune montre le rayonnement de la ville<\/strong> de Lyon\u00a0\u00bb, se r\u00e9jouit l\u2019artiste.\u00a0<\/p>\n<p class=\" wall-content\">Avant que cette \u0153uvre ne prenne forme concr\u00e8tement, Romain Froquet l\u2019avait peinte. \u00ab\u00a0Depuis cinq jours, je ne quitte pas cette place\u00a0\u00bb, affirme-t-il. \u00ab\u00a0Que ce soit le soir, la journ\u00e9e, je l\u2019observe. Je vois que ce qu\u2019on a mis en place cr\u00e9\u00e9 de la fra\u00eecheur.\u00a0\u00bb<\/p>\n<blockquote class=\"tiktok-embed\" cite=\"https:\/\/www.tiktok.com\/@actulyon\/video\/7525757205505641730\" data-video-id=\"7525757205505641730\" data-embed-from=\"oembed\" style=\"max-width:605px; min-width:325px;\"><p>\n<a target=\"_blank\" title=\"@actulyon\" href=\"https:\/\/www.tiktok.com\/@actulyon?refer=embed\" rel=\"noopener\">@actulyon<\/a> <\/p>\n<p>L\u2019\u0153uvre Tissage urbain est termin\u00e9e \u00e0 Lyon, place Bellecour\u2026 et elle fait beaucoup r\u00e9agir. L\u2019un de ses cr\u00e9ateurs, Romain Froquet, s\u2019exprime sur cette nouvelle installation pr\u00e9vue pour cinq ans. <a title=\"fyp\" target=\"_blank\" href=\"https:\/\/www.tiktok.com\/tag\/fyp?refer=embed\" rel=\"noopener\">#fyp<\/a> <a title=\"pourtoi\" target=\"_blank\" href=\"https:\/\/www.tiktok.com\/tag\/pourtoi?refer=embed\" rel=\"noopener\">#pourtoi<\/a> <a title=\"lyon\" target=\"_blank\" href=\"https:\/\/www.tiktok.com\/tag\/lyon?refer=embed\" rel=\"noopener\">#lyon<\/a> <a title=\"artist\" target=\"_blank\" href=\"https:\/\/www.tiktok.com\/tag\/artist?refer=embed\" rel=\"noopener\">#artist<\/a> <\/p>\n<p> <a target=\"_blank\" title=\"\u266c son original - actu Lyon\" href=\"https:\/\/www.tiktok.com\/music\/son-original-7525757201958275862?refer=embed\" rel=\"noopener\">\u266c son original \u2013 actu Lyon<\/a> <\/p>\n<\/blockquote>\n<p class=\" wall-content\">Il exprime sa satisfaction sur la derni\u00e8re partie ajout\u00e9e : \u00ab\u00a0Cette ligne bleue qui vient croiser cette ligne verte, c\u2019est aussi un nouvel espace, comme une place dans la place Bellecour.\u00a0\u00bb<\/p>\n<p class=\" wall-content\">Pour lui, les gens sont heureux de pouvoir en profiter. \u00ab\u00a0J\u2019ai discut\u00e9 avec un monsieur qui s\u2019appelait Daniel. Il descendait de Fourvi\u00e8re et m\u2019a dit qu\u2019on a comme des chemins maintenant dans la ville. Il m\u2019a dit : \u2018J\u2019ai envie de m\u2019assoir et de discuter avec des gens.\u2019 Lorsqu\u2019il me dit \u00e7a, je pense que \u00e7a r\u00e9sume tr\u00e8s bien ce qu\u2019est Tissage urbain.\u00a0\u00bb<\/p>\n<p>\u00ab\u00a0L\u2019art est l\u00e0 pour susciter le d\u00e9bat\u00a0\u00bb<\/p>\n<p class=\" wall-content\">Pourtant, les critiques fusent. \u00ab\u00a0Gaspillage d\u2019argent public\u00a0\u00bb (<strong>1,6 million d\u2019euros<\/strong>), \u00ab\u00a0\u00e9tendoir \u00e0 linge\u00a0\u00bb, peut-on lire sur les r\u00e9seaux sociaux ou entendre de la bouche des opposants politiques. R\u00e9cemment, <a href=\"https:\/\/actu.fr\/auvergne-rhone-alpes\/lyon_69123\/lyon-plus-de-45-c-sous-l-oeuvre-polemique-de-la-place-bellecour-le-createur-replique_62827705.html\" target=\"_blank\" rel=\"noopener\">Pierre Oliver, maire du 2e arrondissement, a remis en cause la fra\u00eecheur<\/a> apport\u00e9e par l\u2019\u0153uvre en mesurant la temp\u00e9rature sous les ombri\u00e8res (avant l\u2019installation des brumisateurs). Nathalie Perrin-Gilbert, candidate en 2026, a m\u00eame affirm\u00e9 <a href=\"https:\/\/actu.fr\/auvergne-rhone-alpes\/lyon_69123\/lyon-c-est-nul-une-candidate-aux-municipales-2026-veut-retirer-l-oeuvre-de-bellecour_62824534.html\" target=\"_blank\" rel=\"noopener\">qu\u2019elle la retirerait<\/a> en cas d\u2019\u00e9lection.<\/p>\n<p class=\" wall-content\">\u00ab\u00a0L\u2019art est l\u00e0 pour susciter le d\u00e9bat\u00a0\u00bb, r\u00e9pond tout simplement Romain Froquet. \u00ab\u00a0La <strong>critique va avec la cr\u00e9ation artistique<\/strong>. Je pense que c\u2019est le r\u00f4le de l\u2019art dans la soci\u00e9t\u00e9 aujourd\u2019hui. On entend.\u00a0\u00bb<\/p>\n<p class=\" wall-content\">L\u2019artiste insiste sur le fait que d\u00e9sormais l\u2019\u0153uvre est termin\u00e9e. \u00ab\u00a0Ce qui \u00e9tait en place n\u2019\u00e9tait qu\u2019un quart de l\u2019\u0153uvre. La partie la plus dense, la plus remplie, ce sont ces lignes vertes et bleues avec la brumisation\u00a0\u00bb, invitant les Lyonnais \u00e0 venir d\u00e9couvrir Tissage urbain.<\/p>\n<p class=\" wall-content\">Suivez toute l\u2019actualit\u00e9 de vos villes et m\u00e9dias favoris en vous inscrivant \u00e0 <a href=\"https:\/\/moncompte.actu.fr\" title=\"D\u00e9couvez Mon Actu\" rel=\"nofollow noopener\" data-trk=\"{&quot;cta&quot;:{&quot;action&quot;:&quot;https:\\\/\\\/moncompte.actu.fr&quot;,&quot;category&quot;:&quot;mon compte&quot;,&quot;from&quot;:&quot;article footer&quot;,&quot;name&quot;:&quot;Mon actu&quot;,&quot;type&quot;:&quot;cta&quot;}}\" target=\"_blank\">Mon Actu<\/a>.<\/p>\n<p>                    <script async src=\"\/\/www.tiktok.com\/embed.js\"><\/script><\/p>\n","protected":false},"excerpt":{"rendered":"Par Anthony Soudani Publi\u00e9 le 12 juil. 2025 \u00e0 7h54 Que pensez-vous de l\u2019\u0153uvre Tissage urbain ? Si&hellip;\n","protected":false},"author":2,"featured_media":245501,"comment_status":"","ping_status":"","sticky":false,"template":"","format":"standard","meta":{"footnotes":""},"categories":[1889],"tags":[1111,11,2430,5272,1777,674,1011,27,2428,12,25,104],"class_list":{"0":"post-245500","1":"post","2":"type-post","3":"status-publish","4":"format-standard","5":"has-post-thumbnail","7":"category-lyon","8":"tag-actu","9":"tag-actualites","10":"tag-auvergne-rhone-alpes","11":"tag-bellecour","12":"tag-eu","13":"tag-europe","14":"tag-fr","15":"tag-france","16":"tag-lyon","17":"tag-news","18":"tag-republique-francaise","19":"tag-societe"},"share_on_mastodon":{"url":"https:\/\/pubeurope.com\/@fr\/114841690066355054","error":""},"_links":{"self":[{"href":"https:\/\/www.europesays.com\/fr\/wp-json\/wp\/v2\/posts\/245500","targetHints":{"allow":["GET"]}}],"collection":[{"href":"https:\/\/www.europesays.com\/fr\/wp-json\/wp\/v2\/posts"}],"about":[{"href":"https:\/\/www.europesays.com\/fr\/wp-json\/wp\/v2\/types\/post"}],"author":[{"embeddable":true,"href":"https:\/\/www.europesays.com\/fr\/wp-json\/wp\/v2\/users\/2"}],"replies":[{"embeddable":true,"href":"https:\/\/www.europesays.com\/fr\/wp-json\/wp\/v2\/comments?post=245500"}],"version-history":[{"count":0,"href":"https:\/\/www.europesays.com\/fr\/wp-json\/wp\/v2\/posts\/245500\/revisions"}],"wp:featuredmedia":[{"embeddable":true,"href":"https:\/\/www.europesays.com\/fr\/wp-json\/wp\/v2\/media\/245501"}],"wp:attachment":[{"href":"https:\/\/www.europesays.com\/fr\/wp-json\/wp\/v2\/media?parent=245500"}],"wp:term":[{"taxonomy":"category","embeddable":true,"href":"https:\/\/www.europesays.com\/fr\/wp-json\/wp\/v2\/categories?post=245500"},{"taxonomy":"post_tag","embeddable":true,"href":"https:\/\/www.europesays.com\/fr\/wp-json\/wp\/v2\/tags?post=245500"}],"curies":[{"name":"wp","href":"https:\/\/api.w.org\/{rel}","templated":true}]}}