{"id":245506,"date":"2025-07-12T18:34:11","date_gmt":"2025-07-12T18:34:11","guid":{"rendered":"https:\/\/www.europesays.com\/fr\/245506\/"},"modified":"2025-07-12T18:34:11","modified_gmt":"2025-07-12T18:34:11","slug":"les-restrictions-de-circulation-pour-le-feu-dartifice-et-le-concert-sur-le-champ-de-mars","status":"publish","type":"post","link":"https:\/\/www.europesays.com\/fr\/245506\/","title":{"rendered":"les restrictions de circulation pour le feu d&rsquo;artifice et le concert sur le Champ-de-Mars"},"content":{"rendered":"<p>            Par<br \/>\n        <strong><br \/>\n            <a href=\"https:\/\/actu.fr\/auteur\/redaction-paris\" title=\"Consulter tous les articles de R\u00e9daction Paris\" target=\"_blank\" rel=\"noopener\">R\u00e9daction Paris<\/a><br \/>\n        <\/strong><\/p>\n<p>        Publi\u00e9 le<\/p>\n<p>            12 juil. 2025 \u00e0 17h02        <\/p>\n<p>Les festivit\u00e9s du\u00a014-Juillet \u00e0 <a href=\"https:\/\/actu.fr\/paris\/\" target=\"_blank\" rel=\"noopener\">Paris<\/a> approchent \u00e0 grands pas. Pour pr\u00e9voir au mieux vos d\u00e9placements, voici les modifications de <strong>stationnement<\/strong> et de <strong>circulation<\/strong> de ces prochains jours dans la capitale \u2013 avec des restrictions qui d\u00e9marrent d\u00e8s samedi 12 juillet \u2013 act\u00e9es par des <a href=\"https:\/\/cdn.paris.fr\/paris\/2025\/07\/10\/arrete_prefectoral_ndeg2025-00889_du_8_juillet_2025_modifiant_provisoirement_la_circulation_et_le_stationnement_dans_plusieurs_voies_a_paris_7eme_8eme_15eme_et_16eme_a_l_occasion_des_festi-xavp.pdf\" target=\"_blank\" rel=\"noopener\">arr\u00eat\u00e9s<\/a> pris par la <a href=\"https:\/\/actu.fr\/tag\/prefecture-de-police-de-paris\" target=\"_blank\" rel=\"noopener\">pr\u00e9fecture de police de Paris<\/a>.<\/p>\n<p>L\u2019ensemble des restrictions des 12, 13, 14 et 15 juillet 2025<\/p>\n<p class=\" wall-content\">Le stationnement de tout v\u00e9hicule \u00e0 moteur est interdit du 14 juillet 2025 \u00e0 7h au 15 juillet 2025 \u00e0 2h \u00e0 l\u2019int\u00e9rieur du <strong>p\u00e9rim\u00e8tre d\u00e9limit\u00e9 par les voies suivantes<\/strong> qui ne sont pas concern\u00e9es par cette interdiction de stationnement, sauf mention contraire, \u00e0 Paris 7\u00e8me, 8eme, 15eme et 16eme :<\/p>\n<ul class=\" wall-content\">\n<li>rue des Sablons;<\/li>\n<li>rue de Longchamp ;<\/li>\n<li>rue de Magdebourg ;<\/li>\n<li>avenue du Pr\u00e9sident Wilson, entre l\u2019avenue de Madgebourg et la place de l\u2019Alma ;<\/li>\n<li>place de l\u2019Alma ;<\/li>\n<li>pont de l\u2019Alma, interdit de stationnement<\/li>\n<li>quai Branly, interdit de stationnement ;<\/li>\n<li>quai Jacques Chirac, interdit de stationnement ;<\/li>\n<li>avenue de la Bourdonnais ;<\/li>\n<li>place Joffre, interdite de stationnement ;<\/li>\n<li>avenue de Suffren, entre la place Joffre et le quai Jacques Chirac ;<\/li>\n<li>pont de Bir-Hakeim, interdit de stationnement ;<\/li>\n<li>rue Marietta Alboni ;<\/li>\n<li>place de Costa Rica ;<\/li>\n<li>rue Vineuse, entre la place de Costa Rica et la rue Scheffer ;<\/li>\n<li>rue Scheffer, entre la rue Vineuse et la rue du Pasteur Marc Boegner ;<\/li>\n<li>rue du Pasteur Marc Boegner<\/li>\n<\/ul>\n<p class=\" wall-content\">La circulation de tout v\u00e9hicule \u00e0 moteur est interdite du 14 juillet 2025 \u00e0 13h au 15 juillet 2025 \u00e0 2h \u00e0 l\u2019int\u00e9rieur du p\u00e9rim\u00e8tre d\u00e9limit\u00e9 par les voies suivantes, qui restent ouvertes \u00e0 la circulation, \u00e0 Paris 7eme et 16eme :<\/p>\n<ul class=\" wall-content\">\n<li>avenue de la Bourdonnais, entre le quai Jacques Chirac et l\u2019avenue Joseph Bouvard ;<\/li>\n<li>avenue Joseph Bouvard ;<\/li>\n<li>avenue de Suffren, entre l\u2019avenue Joseph Bouvard et le quai Jacques Chirac ;<\/li>\n<li>quai Jacques Chirac entre l\u2019avenue de la Bourdonnais et l\u2019avenue de Suffren ;<\/li>\n<li>avenue Albert de Mun ;<\/li>\n<li>avenue du Pr\u00e9sident Wilson, entre l\u2019avenue Albert de Mun et la place du Trocad\u00e9ro et 11 Novembre ;<\/li>\n<li>place du Trocad\u00e9ro et du 11 Novembre ;<\/li>\n<li>rue Benjamin Franklin ;<\/li>\n<li>rue le Tasse ;<\/li>\n<li>rue Le N\u00f4tre ;<\/li>\n<li>avenue de New York comprise entre l\u2019avenue Albert de Mun et la rue Le N\u00f4tre<\/li>\n<\/ul>\n<p>Vid\u00e9os : en ce moment sur Actu<\/p>\n<p class=\" wall-content\">La circulation de tout v\u00e9hicule \u00e0 moteur est interdite du 14 juillet 2025 \u00e0 18h au 15 juillet 2025 \u00e0 2h \u00e0 l\u2019int\u00e9rieur du p\u00e9rim\u00e8tre d\u00e9limit\u00e9 par les voies suivantes, qui restent ouvertes \u00e0 la circulation, sauf mention contraire, \u00e0 Paris 7\u00e8me, 8\u00e8me, 15\u00e8me et 16\u00e8me :<\/p>\n<ul class=\" wall-content\">\n<li>place Victor Hugo ;<\/li>\n<li>rue Copernic;<\/li>\n<li>rue de Belloy ;<\/li>\n<li>place des Etats-Unis;<\/li>\n<li>place de l\u2019Amiral de Grasse ;<\/li>\n<li>rue Georges Bizet, entre l\u2019avenue d\u2019l\u00e9na et l\u2019avenue Pierre 1er de Serbie ;<\/li>\n<li>avenue Pierre 1er de Serbie, entre la rue Georges Bizet et la rue Pierre Charon;<\/li>\n<li>rue Pierre Charron, entre l\u2019avenue Pierre ler de Serbie et la rue Fran\u00e7ois ler ;<\/li>\n<li>rue Fran\u00e7ois ler, entre la rue Pierre Charron et la place du Canada;<\/li>\n<li>place du Canada;<\/li>\n<li>pont des Invalides;<\/li>\n<li>boulevard de la Tour Maubourg;<\/li>\n<li>avenue de Lowendal, entre le boulevard de la Tour Maubourg et l\u2019avenue Duquesne ;<\/li>\n<li>avenue de Lowendal, entre l\u2019avenue Duquesne et l\u2019avenue de Suffren, ferm\u00e9e \u00e0 la circulation;<\/li>\n<li>avenue de Lowendal, entre l\u2019avenue de Suffren et la place Cambronne;<\/li>\n<li>place Cambronne;<\/li>\n<li>rue R\u00e9mi Fr\u00e9micourt ;<\/li>\n<li>avenue Emile Zola ;<\/li>\n<li>rond-point du Pont Mirabeau ;<\/li>\n<li>Pont Mirabeau ;<\/li>\n<li>avenue de Versailles ;<\/li>\n<li>place Cl\u00e9ment Ader ;<\/li>\n<li>rue de Boulainvilliers ;<\/li>\n<li>place du Docteur Hayem ;<\/li>\n<li>rue Raynouard ;<\/li>\n<li>rue Chernoviz, ferm\u00e9e \u00e0 la circulation;<\/li>\n<li>rue de Passy, entre la rue Chernoviz et la rue Massenet, ferm\u00e9e \u00e0 la circulation ;<\/li>\n<li>rue Massenet;<\/li>\n<li>rue Vital, entre la rue Massenet et l\u2019avenue Paul Doumer ;<\/li>\n<li>rue Nicolo;<\/li>\n<li>rue de la Pompe, entre la rue Nicolo et la place Jean Monnet ;<\/li>\n<li>avenue Victor Hugo, entre la place Jean Monnet et la place Victor Hugo<\/li>\n<\/ul>\n<p>    <img   decoding=\"async\" loading=\"lazy\" src=\"https:\/\/www.europesays.com\/fr\/wp-content\/uploads\/2025\/07\/peri-14-juil-960x640.jpg\" alt=\"Le p\u00e9rim\u00e8tre concern\u00e9 pour les festivit\u00e9s du 14-juillet 2025 \u00e0 Paris.\" width=\"960\" height=\"640\"\/><br \/>\n    Le p\u00e9rim\u00e8tre concern\u00e9 pour les festivit\u00e9s du 14-juillet 2025 \u00e0 Paris. (\u00a9capture d\u2019\u00e9cran \u2013 PP)<\/p>\n<p class=\" wall-content\">\u00c0 titre provisoire, la circulation est \u00e9galement modifi\u00e9e sur la Voie Georges Pompidou (16e) sens Province Paris du 12 au 14 juillet.<\/p>\n<p class=\" wall-content\">Article 1er : \u00c0 titre provisoire, la circulation est interdite sur la Voie Georges Pompidou sens Province Paris entre la bretelle de sortie Kennedy \u00e0 la bretelle d\u2019acc\u00e8s Lamballe, Paris 16eme dans la nuit du samedi 12 juillet 2025 au dimanche 13 juillet 2025 de 22h30 \u00e0 05h00.<\/p>\n<p class=\" wall-content\">Article 2 : \u00c0 titre provisoire, la circulation est interdite sur la Voie Georges Pompidou sens Province Paris entre la bretelle d\u2019acc\u00e8s Lamballe au Pont Bir Hakeim, Paris 16eme dans la nuit du samedi 12 juillet 2025 au dimanche 13 juillet 2025 de 22h30 \u00e0 05h00.<\/p>\n<p class=\" wall-content\">Article 3 : \u00c0 titre provisoire, la circulation est interdite sur la Voie Georges Pompidou sens Province Paris entre la bretelle de sortie Kennedy \u00e0 la bretelle d\u2019acc\u00e8s Lamballe, Paris 16eme dans la nuit du dimanche 13 juillet 2025 au lundi 14 juillet 2025 de 22h30 \u00e0 05h00.<\/p>\n<p class=\" wall-content\">Article 4 : \u00c0 titre provisoire, la circulation est interdite sur la Voie Georges Pompidou sens Province Paris entre la bretelle d\u2019acc\u00e8s Lamballe au Pont Bir Hakeim, Paris 16eme dans la nuit du dimanche 13 juillet 2025 au lundi 14 juillet 2025 de 22h30 \u00e0 05h00.<\/p>\n<p class=\" wall-content\">\u00c0 l\u2019occasion du <a href=\"https:\/\/actu.fr\/ile-de-france\/paris_75056\/le-defile-du-14-juillet-renoue-avec-les-traditions-en-2025-a-paris-a-quoi-s-attendre_62750040.html\" target=\"_blank\" rel=\"noopener\">d\u00e9fil\u00e9 militaire<\/a>, le stationnement et la circulation seront modifi\u00e9s 13 et 14 juillet dans <a href=\"https:\/\/cdn.paris.fr\/paris\/2025\/07\/09\/arrete_14_juillet_ceremonie_gouvernementale_logo-vZ8P.pdf\" target=\"_blank\" rel=\"noopener\">plusieurs voies autour des Champs-Elys\u00e9es (8e)<\/a>. Idem pour les <strong>bals des pompiers<\/strong> : avec des <a href=\"https:\/\/cdn.paris.fr\/paris\/2025\/07\/03\/bal-des-pompiers-G3mV.pdf\" target=\"_blank\" rel=\"noopener\">modifications les 12, 13 et 14 juillet dans plusieurs lieux de la capitale<\/a>.<\/p>\n<p class=\" wall-content\">Suivez toute l\u2019actualit\u00e9 de vos villes et m\u00e9dias favoris en vous inscrivant \u00e0 <a href=\"https:\/\/moncompte.actu.fr\" title=\"D\u00e9couvez Mon Actu\" rel=\"nofollow noopener\" data-trk=\"{&quot;cta&quot;:{&quot;action&quot;:&quot;https:\\\/\\\/moncompte.actu.fr&quot;,&quot;category&quot;:&quot;mon compte&quot;,&quot;from&quot;:&quot;article footer&quot;,&quot;name&quot;:&quot;Mon actu&quot;,&quot;type&quot;:&quot;cta&quot;}}\" target=\"_blank\">Mon Actu<\/a>.<\/p>\n","protected":false},"excerpt":{"rendered":"Par R\u00e9daction Paris Publi\u00e9 le 12 juil. 2025 \u00e0 17h02 Les festivit\u00e9s du\u00a014-Juillet \u00e0 Paris approchent \u00e0 grands&hellip;\n","protected":false},"author":2,"featured_media":245507,"comment_status":"","ping_status":"","sticky":false,"template":"","format":"standard","meta":{"footnotes":""},"categories":[1888],"tags":[1111,1928,11,1927,3542,1777,674,16701,1011,27,12,1926,626,1925,1931,25,104],"class_list":{"0":"post-245506","1":"post","2":"type-post","3":"status-publish","4":"format-standard","5":"has-post-thumbnail","7":"category-paris","8":"tag-actu","9":"tag-actu-paris","10":"tag-actualites","11":"tag-actualites-paris","12":"tag-circulation","13":"tag-eu","14":"tag-europe","15":"tag-feu-dartifice","16":"tag-fr","17":"tag-france","18":"tag-news","19":"tag-news-paris","20":"tag-paris","21":"tag-paris-news","22":"tag-prefecture-de-police-de-paris","23":"tag-republique-francaise","24":"tag-societe"},"share_on_mastodon":{"url":"https:\/\/pubeurope.com\/@fr\/114841705789222025","error":""},"_links":{"self":[{"href":"https:\/\/www.europesays.com\/fr\/wp-json\/wp\/v2\/posts\/245506","targetHints":{"allow":["GET"]}}],"collection":[{"href":"https:\/\/www.europesays.com\/fr\/wp-json\/wp\/v2\/posts"}],"about":[{"href":"https:\/\/www.europesays.com\/fr\/wp-json\/wp\/v2\/types\/post"}],"author":[{"embeddable":true,"href":"https:\/\/www.europesays.com\/fr\/wp-json\/wp\/v2\/users\/2"}],"replies":[{"embeddable":true,"href":"https:\/\/www.europesays.com\/fr\/wp-json\/wp\/v2\/comments?post=245506"}],"version-history":[{"count":0,"href":"https:\/\/www.europesays.com\/fr\/wp-json\/wp\/v2\/posts\/245506\/revisions"}],"wp:featuredmedia":[{"embeddable":true,"href":"https:\/\/www.europesays.com\/fr\/wp-json\/wp\/v2\/media\/245507"}],"wp:attachment":[{"href":"https:\/\/www.europesays.com\/fr\/wp-json\/wp\/v2\/media?parent=245506"}],"wp:term":[{"taxonomy":"category","embeddable":true,"href":"https:\/\/www.europesays.com\/fr\/wp-json\/wp\/v2\/categories?post=245506"},{"taxonomy":"post_tag","embeddable":true,"href":"https:\/\/www.europesays.com\/fr\/wp-json\/wp\/v2\/tags?post=245506"}],"curies":[{"name":"wp","href":"https:\/\/api.w.org\/{rel}","templated":true}]}}