{"id":245510,"date":"2025-07-12T18:36:12","date_gmt":"2025-07-12T18:36:12","guid":{"rendered":"https:\/\/www.europesays.com\/fr\/245510\/"},"modified":"2025-07-12T18:36:12","modified_gmt":"2025-07-12T18:36:12","slug":"quinte-du-dimanche-13-juillet-2025-a-longchamp-les-pronostics","status":"publish","type":"post","link":"https:\/\/www.europesays.com\/fr\/245510\/","title":{"rendered":"Quint\u00e9 du dimanche 13 juillet 2025 \u00e0 Longchamp : les pronostics"},"content":{"rendered":"<p class=\"article-p mdl\">Retrouvez les pronostics de Dominique Cordier pour le Quint\u00e9 du dimanche 13 juillet 2025 \u00e0 Longchamp, le Cygames Handicap de la F\u00eate Nationale. <strong>D\u00e9part \u00e0 18h00. 16 partants. Tirelire de 1.000.000 euros.<\/strong> Plat. Handicap. 2.000 m\u00e8tres. Grande piste. Bon terrain. Pur-sang de 4 ans et plus.&#13;<\/p>\n<p class=\"article-p mdl\">Battu en dernier lieu sur ce parcours, le <strong>9 Raqeebb<\/strong> avait trouv\u00e9 du terrain souple qu\u2019il passe pour ex\u00e9crer. D\u00e9pendant du bon terrain, il sera mieux servi cette fois, d\u2019o\u00f9 une premi\u00e8re chance \u00e0 d\u00e9fendre et une victoire \u00e0 viser.&#13;<\/p>\n<p class=\"article-p mdl\">Le <strong>2 Sous la Neige <\/strong>d\u00e9bute sur la distance, que ses origines lui permettent th\u00e9oriquement de tenir. Lui aussi a des arguments \u00e0 faire valoir \u00e0 ce niveau.&#13;<\/p>\n<p class=\"article-p mdl\">Quant au <strong>1 Motion<\/strong>, qui \u00e9tait tr\u00e8s en vue en dernier lieu, il a trop mal couru pour que l\u2019on consid\u00e8re sa performance comme exacte. Laissons-lui une chance de se racheter.&#13;<\/p>\n<p class=\"article-p mdl\">Le profil de l\u2019outsider de RTL interpelle enfin. Le <strong>10 Al Ameed <\/strong>a fait ses premi\u00e8res armes outre-Manche avant de d\u00e9barquer sur notre sol, y courant tr\u00e8s bien \u00e0 cinq reprises. A ce poids, il peut logiquement faire parler de lui.<\/p>\n<p>            Les pronostics<\/p>\n<p class=\"article-p mdl\">\n<p>9. Raqeebb&#13;<br \/>2. Sous la Neige&#13;<br \/>1. Motion&#13;<br \/>6. Ganass&#13;<br \/>10. Al Ameed&#13;<br \/>7. Olympic Goal&#13;<br \/>3. Harry Way<\/p>\n<p>            L&rsquo;outsider de RTL<\/p>\n<p class=\"article-p mdl\">10. Al Ameed<\/p>\n<p>            R\u00e9sultats du vendredi 11 juillet 2025 en nocturne \u00e0 Cabourg<\/p>\n<p class=\"article-p mdl\">8e, le favori de RTL n\u2019a pas r\u00e9ussi \u00e0 rendre la distance. L\u2019outsider de RTL se classe 2e. <\/p>\n<p>    La r\u00e9daction vous recommande<\/p>\n<p class=\"s-newsletter__title\">\n                L\u2019actualit\u00e9 par la r\u00e9daction de RTL dans votre bo\u00eete mail.\n            <\/p>\n<p class=\"s-newsletter__subtitle\">\n                Gr\u00e2ce \u00e0 votre compte RTL abonnez-vous \u00e0 la newsletter RTL info pour suivre toute l&rsquo;actualit\u00e9 au quotidien\n            <\/p>\n<p>\n                                    Lire la suite\n                                <\/p>\n","protected":false},"excerpt":{"rendered":"Retrouvez les pronostics de Dominique Cordier pour le Quint\u00e9 du dimanche 13 juillet 2025 \u00e0 Longchamp, le Cygames&hellip;\n","protected":false},"author":2,"featured_media":3836,"comment_status":"","ping_status":"","sticky":false,"template":"","format":"standard","meta":{"footnotes":""},"categories":[1888],"tags":[11,2621,2622,2620,1777,674,107,2619,1011,27,12,626,2623,25],"class_list":{"0":"post-245510","1":"post","2":"type-post","3":"status-publish","4":"format-standard","5":"has-post-thumbnail","7":"category-paris","8":"tag-actualites","9":"tag-chevaux","10":"tag-courses","11":"tag-courses-de-trot","12":"tag-eu","13":"tag-europe","14":"tag-fil-info","15":"tag-fil-sport","16":"tag-fr","17":"tag-france","18":"tag-news","19":"tag-paris","20":"tag-quinte","21":"tag-republique-francaise"},"share_on_mastodon":{"url":"https:\/\/pubeurope.com\/@fr\/114841713696180133","error":""},"_links":{"self":[{"href":"https:\/\/www.europesays.com\/fr\/wp-json\/wp\/v2\/posts\/245510","targetHints":{"allow":["GET"]}}],"collection":[{"href":"https:\/\/www.europesays.com\/fr\/wp-json\/wp\/v2\/posts"}],"about":[{"href":"https:\/\/www.europesays.com\/fr\/wp-json\/wp\/v2\/types\/post"}],"author":[{"embeddable":true,"href":"https:\/\/www.europesays.com\/fr\/wp-json\/wp\/v2\/users\/2"}],"replies":[{"embeddable":true,"href":"https:\/\/www.europesays.com\/fr\/wp-json\/wp\/v2\/comments?post=245510"}],"version-history":[{"count":0,"href":"https:\/\/www.europesays.com\/fr\/wp-json\/wp\/v2\/posts\/245510\/revisions"}],"wp:featuredmedia":[{"embeddable":true,"href":"https:\/\/www.europesays.com\/fr\/wp-json\/wp\/v2\/media\/3836"}],"wp:attachment":[{"href":"https:\/\/www.europesays.com\/fr\/wp-json\/wp\/v2\/media?parent=245510"}],"wp:term":[{"taxonomy":"category","embeddable":true,"href":"https:\/\/www.europesays.com\/fr\/wp-json\/wp\/v2\/categories?post=245510"},{"taxonomy":"post_tag","embeddable":true,"href":"https:\/\/www.europesays.com\/fr\/wp-json\/wp\/v2\/tags?post=245510"}],"curies":[{"name":"wp","href":"https:\/\/api.w.org\/{rel}","templated":true}]}}