{"id":245513,"date":"2025-07-12T18:38:17","date_gmt":"2025-07-12T18:38:17","guid":{"rendered":"https:\/\/www.europesays.com\/fr\/245513\/"},"modified":"2025-07-12T18:38:17","modified_gmt":"2025-07-12T18:38:17","slug":"une-rencontre-lavrov-kim-jong-un-et-la-russie-frappe-massivement-lukraine-2","status":"publish","type":"post","link":"https:\/\/www.europesays.com\/fr\/245513\/","title":{"rendered":"Une rencontre Lavrov\/Kim Jong Un et la Russie frappe massivement l\u2019Ukraine"},"content":{"rendered":"<p><strong>R\u00e9cap&rsquo; &#8211; \u00ab\u00a020 Minutes\u00a0\u00bb fait le point pour vous tous les soirs sur le conflit en Ukraine. Ce samedi, l\u2019Ukraine dresse le bilan de l\u2019attaque massive de drones et missiles lanc\u00e9e dans la nuit sur l\u2019ouest du pays par la Russie<\/strong><\/p>\n<p>Vous avez rat\u00e9 les derniers \u00e9v\u00e9nements sur la guerre en Ukraine\u00a0? 20 Minutes fait le point pour vous tous les soirs. Voici l\u2019essentiel de ce samedi 12\u00a0juillet, 1.235e jour du conflit.<\/p>\n<p>Le fait du jour<\/p>\n<p><a href=\"https:\/\/www.20minutes.fr\/monde\/serguei-lavrov\/?at_medium=RSS%20feed&amp;at_campaign=ynews&amp;utm_source=yahoo&amp;utm_medium=rss&amp;utm_campaign=news_feed&amp;utm_content=in_article_link\" rel=\"nofollow noopener\" target=\"_blank\" data-ylk=\"slk:Sergue\u00ef Lavrov;elm:context_link;itc:0;sec:content-canvas\" class=\"link \">Sergue\u00ef Lavrov<\/a> et <a href=\"https:\/\/www.20minutes.fr\/monde\/kim_jong_un\/?at_medium=RSS%20feed&amp;at_campaign=ynews&amp;utm_source=yahoo&amp;utm_medium=rss&amp;utm_campaign=news_feed&amp;utm_content=in_article_link\" rel=\"nofollow noopener\" target=\"_blank\" data-ylk=\"slk:Kim Jong Un;elm:context_link;itc:0;sec:content-canvas\" class=\"link \">Kim Jong Un<\/a> dans la m\u00eame pi\u00e8ce\u00a0? Si l\u2019id\u00e9e ressemble au d\u00e9bit d\u2019une mauvaise blague, il n\u2019est est rien\u00a0: D\u2019apr\u00e8s la diplomatie russe, vid\u00e9o \u00e0 l\u2019appui, le ministre russe des Affaires \u00e9trang\u00e8res a \u00e9t\u00e9 re\u00e7u ce samedi par le dirigeant nord-cor\u00e9en lors de sa visite en <a href=\"https:\/\/www.20minutes.fr\/monde\/coree_du_nord\/?at_medium=RSS%20feed&amp;at_campaign=ynews&amp;utm_source=yahoo&amp;utm_medium=rss&amp;utm_campaign=news_feed&amp;utm_content=in_article_link\" rel=\"nofollow noopener\" target=\"_blank\" data-ylk=\"slk:Cor\u00e9e du Nord;elm:context_link;itc:0;sec:content-canvas\" class=\"link \">Cor\u00e9e du Nord<\/a>, alli\u00e9 militaire de Moscou.<\/p>\n<p>Moscou et Pyongyang ont renforc\u00e9 leur coop\u00e9ration militaire ces derni\u00e8res ann\u00e9es, la Cor\u00e9e du Nord fournissant des armes et des troupes pour soutenir l\u2019assaut de la <a href=\"https:\/\/www.20minutes.fr\/monde\/russie\/?at_medium=RSS%20feed&amp;at_campaign=ynews&amp;utm_source=yahoo&amp;utm_medium=rss&amp;utm_campaign=news_feed&amp;utm_content=in_article_link\" rel=\"nofollow noopener\" target=\"_blank\" data-ylk=\"slk:Russie;elm:context_link;itc:0;sec:content-canvas\" class=\"link \">Russie <\/a>contre l\u2019Ukraine. Les deux pays ont sign\u00e9 un accord de d\u00e9fense mutuelle lors d\u2019une visite du pr\u00e9sident russe <a href=\"https:\/\/www.20minutes.fr\/monde\/vladimir_poutine\/?at_medium=RSS%20feed&amp;at_campaign=ynews&amp;utm_source=yahoo&amp;utm_medium=rss&amp;utm_campaign=news_feed&amp;utm_content=in_article_link\" rel=\"nofollow noopener\" target=\"_blank\" data-ylk=\"slk:Vladimir Poutine;elm:context_link;itc:0;sec:content-canvas\" class=\"link \">Vladimir Poutine <\/a>en Cor\u00e9e du Nord l\u2019an dernier.<\/p>\n<p>Plus t\u00f4t ce samedi, Sergue\u00ef Lavrov a assur\u00e9 que les responsables nord-cor\u00e9ens avaient \u00ab\u00a0r\u00e9affirm\u00e9 leur soutien sans r\u00e9serve \u00e0 tous les objectifs\u00a0\u00bb de l\u2019assaut en Ukraine, selon l\u2019agence Tass. Il a remerci\u00e9 les soldats nord-cor\u00e9ens \u00ab\u00a0h\u00e9ro\u00efques\u00a0\u00bb ayant aid\u00e9 l\u2019arm\u00e9e russe \u00e0 repousser les forces ukrainiennes de la r\u00e9gion de Koursk, o\u00f9 elles avaient p\u00e9n\u00e9tr\u00e9 en ao\u00fbt\u00a02024, selon le minist\u00e8re russe des Affaires \u00e9trang\u00e8res.<\/p>\n<p>Le chiffre du jour<\/p>\n<p>623. Le nombre de drones et missiles lanc\u00e9s dans la nuit par la Russie sur l\u2019Ukraine, notamment sur l\u2019ouest du pays, selon le pr\u00e9sident Volodymyr Zelensky et l\u2019arm\u00e9e ukrainienne. Ces frappes ont fait quatre (&#8230;)<\/p>\n<p><a href=\"https:\/\/www.20minutes.fr\/monde\/ukraine\/4163411-20250712-guerre-ukraine-rencontre-lavrov-kim-jong-russie-frappe-massivement-ukraine?at_medium=RSS%20feed&amp;at_campaign=ynews&amp;utm_source=yahoo&amp;utm_medium=rss&amp;utm_campaign=news_feed&amp;utm_content=read_more_link&quot;\" rel=\"nofollow noopener\" target=\"_blank\" data-ylk=\"slk:Lire la suite sur 20minutes;elm:context_link;itc:0;sec:content-canvas\" class=\"link \">Lire la suite sur 20minutes<\/a><\/p>\n<p>\u00c0 lire aussi :<br \/><a href=\"https:\/\/www.20minutes.fr\/societe\/4163214-20250711-france-cible-prioritaire-russie-faut-retenir-intervention-exceptionnelle-chef-armees?at_medium=RSS%20feed&amp;at_campaign=ynews&amp;utm_source=yahoo&amp;utm_medium=rss&amp;utm_campaign=news_feed&amp;utm_content=related_content_link\" rel=\"nofollow noopener\" target=\"_blank\" data-ylk=\"slk:La France, \u00ab\u00a0cible prioritaire de la Russie\u00a0\u00bb\u2026 Que retenir de l\u2019intervention du chef de l\u2019\u00e9tat-major des Arm\u00e9es;elm:context_link;itc:0;sec:content-canvas\" class=\"link \">La France, \u00ab\u00a0cible prioritaire de la Russie\u00a0\u00bb\u2026 Que retenir de l\u2019intervention du chef de l\u2019\u00e9tat-major des Arm\u00e9es<\/a><br \/><a href=\"https:\/\/www.20minutes.fr\/monde\/ukraine\/4163171-20250711-guerre-ukraine-ivan-voronych-agent-services-secrets-tue-pleine-rue-kiev?at_medium=RSS%20feed&amp;at_campaign=ynews&amp;utm_source=yahoo&amp;utm_medium=rss&amp;utm_campaign=news_feed&amp;utm_content=related_content_link\" rel=\"nofollow noopener\" target=\"_blank\" data-ylk=\"slk:Guerre en Ukraine\u00a0: Qui \u00e9tait Ivan Voronych, agent des services secrets, tu\u00e9 en pleine rue \u00e0 Kiev\u00a0?;elm:context_link;itc:0;sec:content-canvas\" class=\"link \">Guerre en Ukraine\u00a0: Qui \u00e9tait Ivan Voronych, agent des services secrets, tu\u00e9 en pleine rue \u00e0 Kiev\u00a0?<\/a><\/p>\n","protected":false},"excerpt":{"rendered":"R\u00e9cap&rsquo; &#8211; \u00ab\u00a020 Minutes\u00a0\u00bb fait le point pour vous tous les soirs sur le conflit en Ukraine. Ce&hellip;\n","protected":false},"author":2,"featured_media":245514,"comment_status":"","ping_status":"","sticky":false,"template":"","format":"standard","meta":{"footnotes":""},"categories":[1591],"tags":[11,260,2488,13987,1887,5493,12,1885,1886,132,1135,220],"class_list":{"0":"post-245513","1":"post","2":"type-post","3":"status-publish","4":"format-standard","5":"has-post-thumbnail","7":"category-russie","8":"tag-actualites","9":"tag-affaires-etrangeres","10":"tag-cooperation-militaire","11":"tag-coree-du-nord","12":"tag-federation-de-russie","13":"tag-lukraine","14":"tag-news","15":"tag-russia","16":"tag-russian-federation","17":"tag-russie","18":"tag-serguei-lavrov","19":"tag-ukraine"},"share_on_mastodon":{"url":"https:\/\/pubeurope.com\/@fr\/114841721501126377","error":""},"_links":{"self":[{"href":"https:\/\/www.europesays.com\/fr\/wp-json\/wp\/v2\/posts\/245513","targetHints":{"allow":["GET"]}}],"collection":[{"href":"https:\/\/www.europesays.com\/fr\/wp-json\/wp\/v2\/posts"}],"about":[{"href":"https:\/\/www.europesays.com\/fr\/wp-json\/wp\/v2\/types\/post"}],"author":[{"embeddable":true,"href":"https:\/\/www.europesays.com\/fr\/wp-json\/wp\/v2\/users\/2"}],"replies":[{"embeddable":true,"href":"https:\/\/www.europesays.com\/fr\/wp-json\/wp\/v2\/comments?post=245513"}],"version-history":[{"count":0,"href":"https:\/\/www.europesays.com\/fr\/wp-json\/wp\/v2\/posts\/245513\/revisions"}],"wp:featuredmedia":[{"embeddable":true,"href":"https:\/\/www.europesays.com\/fr\/wp-json\/wp\/v2\/media\/245514"}],"wp:attachment":[{"href":"https:\/\/www.europesays.com\/fr\/wp-json\/wp\/v2\/media?parent=245513"}],"wp:term":[{"taxonomy":"category","embeddable":true,"href":"https:\/\/www.europesays.com\/fr\/wp-json\/wp\/v2\/categories?post=245513"},{"taxonomy":"post_tag","embeddable":true,"href":"https:\/\/www.europesays.com\/fr\/wp-json\/wp\/v2\/tags?post=245513"}],"curies":[{"name":"wp","href":"https:\/\/api.w.org\/{rel}","templated":true}]}}