{"id":245521,"date":"2025-07-12T18:42:09","date_gmt":"2025-07-12T18:42:09","guid":{"rendered":"https:\/\/www.europesays.com\/fr\/245521\/"},"modified":"2025-07-12T18:42:09","modified_gmt":"2025-07-12T18:42:09","slug":"lallemagne-enregistre-une-hausse-des-defaillances-dentreprises","status":"publish","type":"post","link":"https:\/\/www.europesays.com\/fr\/245521\/","title":{"rendered":"L&rsquo;Allemagne enregistre une hausse des d\u00e9faillances d&rsquo;entreprises"},"content":{"rendered":"<p>Principaux renseingnements<\/p>\n<ul class=\"wp-block-list\">\n<li><strong>Les d\u00e9faillances d\u2019entreprises allemandes ont augment\u00e9 de 2,4 pour cent en juin.<\/strong><\/li>\n<li><strong>Les secteurs tels que le transport, la construction et l\u2019h\u00f4tellerie sont les plus touch\u00e9s.<\/strong><\/li>\n<li><strong>Les experts se demandent si l\u2019augmentation du nombre de faillites est un signe de r\u00e9cession ou une correction n\u00e9cessaire du march\u00e9.<\/strong><\/li>\n<\/ul>\n<p>L\u2019augmentation du nombre de faillites<\/p>\n<p>Le nombre de d\u00e9faillances d\u2019entreprises en Allemagne continue d\u2019augmenter, atteignant des niveaux in\u00e9gal\u00e9s depuis des ann\u00e9es. Les donn\u00e9es pr\u00e9liminaires de <a href=\"https:\/\/www.dihk.de\/de\/aktuelles-und-presse\/aktuelle-informationen\/welle-der-unternehmensinsolvenzen-schwillt-weiter-an-134408\" target=\"_blank\" rel=\"noreferrer noopener\">l\u2019Office f\u00e9d\u00e9ral des statistiques<\/a> indiquent une augmentation de 2,4 pour cent des d\u00e9faillances r\u00e9guli\u00e8res en juin par rapport au m\u00eame mois de l\u2019ann\u00e9e pr\u00e9c\u00e9dente.<\/p>\n<p>Cette tendance \u00e0 la hausse fait suite \u00e0 une br\u00e8ve baisse en mai, la premi\u00e8re depuis mars 2023. Bien que les statistiques officielles soient en retard en raison des d\u00e9lais de d\u00e9claration, il est clair que de nombreuses entreprises sont confront\u00e9es \u00e0 l\u2019instabilit\u00e9 financi\u00e8re.  Creditreform, une agence d\u2019information sur le cr\u00e9dit, estime que le nombre de faillites a augment\u00e9 de 9,4 pour cent au cours du premier semestre de l\u2019ann\u00e9e, pour atteindre un total de 11 900 \u2013 le chiffre le plus \u00e9lev\u00e9 depuis 2015.<\/p>\n<p>Secteurs les plus touch\u00e9s<\/p>\n<p>Les secteurs les plus touch\u00e9s par ces d\u00e9faillances sont <a href=\"https:\/\/fr.businessam.be\/exportations-allemandes-diminuent-mai\/\" target=\"_blank\" rel=\"noreferrer noopener\">le transport et l\u2019entreposage<\/a>, la construction et l\u2019h\u00f4tellerie. Bien que la valeur totale des cr\u00e9ances ait diminu\u00e9 par rapport \u00e0 l\u2019ann\u00e9e derni\u00e8re, lorsque de plus grandes entreprises \u00e9taient confront\u00e9es \u00e0 l\u2019insolvabilit\u00e9, elle s\u2019\u00e9l\u00e8ve toujours \u00e0 environ 2,5 milliards d\u2019euros.<\/p>\n<p>Les experts ont des points de vue divergents sur les raisons de cette augmentation du nombre de faillites. Certains l\u2019attribuent \u00e0 la baisse de la demande des consommateurs et \u00e0 l\u2019augmentation des co\u00fbts, tels que les prix de l\u2019\u00e9nergie et les charges bureaucratiques.  L\u2019abandon progressif des mesures de soutien gouvernementales mises en \u0153uvre lors de la pand\u00e9mie de COVID-19 a \u00e9galement \u00e9t\u00e9 cit\u00e9 comme un facteur contributif.<\/p>\n<p>Cependant, d\u2019autres affirment que l\u2019augmentation est principalement un effet de \u00ab\u00a0rattrapage\u00a0\u00bb apr\u00e8s des ann\u00e9es de taux d\u2019int\u00e9r\u00eat artificiellement bas qui ont emp\u00each\u00e9 les insolvabilit\u00e9s. Ils sugg\u00e8rent que le climat \u00e9conomique actuel ne refl\u00e8te pas n\u00e9cessairement une r\u00e9cession g\u00e9n\u00e9ralis\u00e9e. Ils consid\u00e8rent plut\u00f4t la hausse des chiffres de l\u2019insolvabilit\u00e9 comme une correction n\u00e9cessaire du march\u00e9 et un processus de restructuration, ouvrant la voie \u00e0 des entreprises plus durables \u00e0 l\u2019avenir.<\/p>\n<p>Programmes gouvernementaux pour stimuler les investissements<\/p>\n<p>Le pr\u00e9sident de la VID (Association allemande des administrateurs d\u2019insolvabilit\u00e9) souligne que si les programmes gouvernementaux visant \u00e0 stimuler l\u2019investissement peuvent avoir un impact positif, leurs effets sont souvent retard\u00e9s. Il rappelle que les donn\u00e9es historiques indiquent des taux d\u2019insolvabilit\u00e9 plus \u00e9lev\u00e9s au cours des p\u00e9riodes pr\u00e9c\u00e9dentes et met en garde contre le fait d\u2019attribuer la situation actuelle uniquement \u00e0 des facteurs \u00e9conomiques cycliques.<\/p>\n","protected":false},"excerpt":{"rendered":"Principaux renseingnements Les d\u00e9faillances d\u2019entreprises allemandes ont augment\u00e9 de 2,4 pour cent en juin. Les secteurs tels que&hellip;\n","protected":false},"author":2,"featured_media":245522,"comment_status":"","ping_status":"","sticky":false,"template":"","format":"standard","meta":{"footnotes":""},"categories":[1587],"tags":[11,672,1804,1805,38530,1803,33,1777,674,38209,1801,12,1802],"class_list":{"0":"post-245521","1":"post","2":"type-post","3":"status-publish","4":"format-standard","5":"has-post-thumbnail","7":"category-allemagne","8":"tag-actualites","9":"tag-allemagne","10":"tag-bundesrepublik-deutschland","11":"tag-de","12":"tag-defaillances","13":"tag-deutschland","14":"tag-economie","15":"tag-eu","16":"tag-europe","17":"tag-faillites","18":"tag-germany","19":"tag-news","20":"tag-republique-federale-dallemagne"},"share_on_mastodon":{"url":"https:\/\/pubeurope.com\/@fr\/114841737187921184","error":""},"_links":{"self":[{"href":"https:\/\/www.europesays.com\/fr\/wp-json\/wp\/v2\/posts\/245521","targetHints":{"allow":["GET"]}}],"collection":[{"href":"https:\/\/www.europesays.com\/fr\/wp-json\/wp\/v2\/posts"}],"about":[{"href":"https:\/\/www.europesays.com\/fr\/wp-json\/wp\/v2\/types\/post"}],"author":[{"embeddable":true,"href":"https:\/\/www.europesays.com\/fr\/wp-json\/wp\/v2\/users\/2"}],"replies":[{"embeddable":true,"href":"https:\/\/www.europesays.com\/fr\/wp-json\/wp\/v2\/comments?post=245521"}],"version-history":[{"count":0,"href":"https:\/\/www.europesays.com\/fr\/wp-json\/wp\/v2\/posts\/245521\/revisions"}],"wp:featuredmedia":[{"embeddable":true,"href":"https:\/\/www.europesays.com\/fr\/wp-json\/wp\/v2\/media\/245522"}],"wp:attachment":[{"href":"https:\/\/www.europesays.com\/fr\/wp-json\/wp\/v2\/media?parent=245521"}],"wp:term":[{"taxonomy":"category","embeddable":true,"href":"https:\/\/www.europesays.com\/fr\/wp-json\/wp\/v2\/categories?post=245521"},{"taxonomy":"post_tag","embeddable":true,"href":"https:\/\/www.europesays.com\/fr\/wp-json\/wp\/v2\/tags?post=245521"}],"curies":[{"name":"wp","href":"https:\/\/api.w.org\/{rel}","templated":true}]}}