{"id":24553,"date":"2025-04-14T15:21:09","date_gmt":"2025-04-14T15:21:09","guid":{"rendered":"https:\/\/www.europesays.com\/fr\/24553\/"},"modified":"2025-04-14T15:21:09","modified_gmt":"2025-04-14T15:21:09","slug":"rien-ne-se-jette-chez-lingenheld-environnement","status":"publish","type":"post","link":"https:\/\/www.europesays.com\/fr\/24553\/","title":{"rendered":"rien ne se jette chez Lingenheld Environnement"},"content":{"rendered":"<p>Le recyclage de mat\u00e9riaux est une priorit\u00e9 pour le groupe de travaux publics Lingenheld. Ordures m\u00e9nag\u00e8res, briques, b\u00e9ton, terre&#8230; Tout est revaloris\u00e9. Le groupe, bas\u00e9 \u00e0 Dabo, a lourdement investi dans plusieurs machines pour permettre cette activit\u00e9 circulaire. Sur la plateforme de recyclage situ\u00e9e \u00e0 Oberschaffolsheim, en Alsace, rien ne se jette, tout se transforme.<\/p>\n","protected":false},"excerpt":{"rendered":"Le recyclage de mat\u00e9riaux est une priorit\u00e9 pour le groupe de travaux publics Lingenheld. Ordures m\u00e9nag\u00e8res, briques, b\u00e9ton,&hellip;\n","protected":false},"author":2,"featured_media":24554,"comment_status":"","ping_status":"","sticky":false,"template":"","format":"standard","meta":{"footnotes":""},"categories":[2820],"tags":[1111,11,4749,5327,1777,674,1011,27,5325,2798,775,12,3456,25,5326,640],"class_list":{"0":"post-24553","1":"post","2":"type-post","3":"status-publish","4":"format-standard","5":"has-post-thumbnail","7":"category-strasbourg","8":"tag-actu","9":"tag-actualites","10":"tag-btp-et-chantiers","11":"tag-edition-sarrebourg-chateau-salins","12":"tag-eu","13":"tag-europe","14":"tag-fr","15":"tag-france","16":"tag-galerie-media","17":"tag-galerie-photo","18":"tag-grand-est","19":"tag-news","20":"tag-region-lorraine","21":"tag-republique-francaise","22":"tag-sarrebourg","23":"tag-strasbourg"},"share_on_mastodon":{"url":"https:\/\/pubeurope.com\/@fr\/114337001258579662","error":""},"_links":{"self":[{"href":"https:\/\/www.europesays.com\/fr\/wp-json\/wp\/v2\/posts\/24553","targetHints":{"allow":["GET"]}}],"collection":[{"href":"https:\/\/www.europesays.com\/fr\/wp-json\/wp\/v2\/posts"}],"about":[{"href":"https:\/\/www.europesays.com\/fr\/wp-json\/wp\/v2\/types\/post"}],"author":[{"embeddable":true,"href":"https:\/\/www.europesays.com\/fr\/wp-json\/wp\/v2\/users\/2"}],"replies":[{"embeddable":true,"href":"https:\/\/www.europesays.com\/fr\/wp-json\/wp\/v2\/comments?post=24553"}],"version-history":[{"count":0,"href":"https:\/\/www.europesays.com\/fr\/wp-json\/wp\/v2\/posts\/24553\/revisions"}],"wp:featuredmedia":[{"embeddable":true,"href":"https:\/\/www.europesays.com\/fr\/wp-json\/wp\/v2\/media\/24554"}],"wp:attachment":[{"href":"https:\/\/www.europesays.com\/fr\/wp-json\/wp\/v2\/media?parent=24553"}],"wp:term":[{"taxonomy":"category","embeddable":true,"href":"https:\/\/www.europesays.com\/fr\/wp-json\/wp\/v2\/categories?post=24553"},{"taxonomy":"post_tag","embeddable":true,"href":"https:\/\/www.europesays.com\/fr\/wp-json\/wp\/v2\/tags?post=24553"}],"curies":[{"name":"wp","href":"https:\/\/api.w.org\/{rel}","templated":true}]}}