{"id":245532,"date":"2025-07-12T18:50:10","date_gmt":"2025-07-12T18:50:10","guid":{"rendered":"https:\/\/www.europesays.com\/fr\/245532\/"},"modified":"2025-07-12T18:50:10","modified_gmt":"2025-07-12T18:50:10","slug":"lafrique-du-sud-surclasse-litalie-et-remporte-le-deuxieme-test-match","status":"publish","type":"post","link":"https:\/\/www.europesays.com\/fr\/245532\/","title":{"rendered":"l&rsquo;Afrique du Sud surclasse l&rsquo;Italie et remporte le deuxi\u00e8me test-match"},"content":{"rendered":"<p>R\u00e9duits \u00e0 14 en seconde p\u00e9riode, les sud africains ont domin\u00e9 l\u2019Italie 45-0 ce samedi.<\/p>\n<p class=\"fig-paragraph\">R\u00e9duits \u00e0 14 apr\u00e8s un carton rouge en premi\u00e8re p\u00e9riode, les champions du monde\u00a0sud-africains\u00a0n&rsquo;en ont pas moins \u00e9trill\u00e9 l&rsquo;Italie 45 \u00e0 0, samedi \u00e0 Gqeberha (anciennement Port Elizabeth) lors de leur deuxi\u00e8me test estival,\u00a0<a href=\"http:\/\/www.lefigaro.fr\/sports\/rugby\/rugby-l-afrique-du-sud-domine-largement-l-italie-a-pretoria-20250705\" data-fig-type=\"NewsFlash\" data-gtm-custom-categorie=\"navigation\" data-gtm-custom-action=\"crossclick\" data-gtm-custom-label=\"Contextuel\" data-gtm-event=\"customEventSPE\" data-fig-domain=\"LEFIGARO\" rel=\"nofollow noopener\" target=\"_blank\">apr\u00e8s une victoire 42-24 la semaine pass\u00e9e<\/a>.<\/p>\n<p class=\"fig-paragraph\">D\u00e9j\u00e0 en t\u00eate 14 \u00e0 0 apr\u00e8s un quart d&rsquo;heure de jeu, les Springboks, qui avaient battu les Italiens la semaine pass\u00e9e 42 \u00e0 24, ont \u00e9t\u00e9 r\u00e9duits d\u00e9finitivement \u00e0 14 quand le troisi\u00e8me ligne Jasper Wiese a pris un carton rouge pour un coup de t\u00eate au pilier Danilo Fischetti.<\/p>\n<p>                                    <a class=\"fig-a11y-skip a11y-hidden\" href=\"#fig-a11y-skip-main-inarticle\"><br \/>\n        Passer la publicit\u00e9<br \/>\n    <\/a><\/p>\n<p>7 essais inscrits<\/p>\n<p class=\"fig-paragraph\">M\u00eame en inf\u00e9riorit\u00e9 num\u00e9rique, et n&rsquo;alignant pas des joueurs d&rsquo;exp\u00e9rience comme le capitaine Siya Kolisi, le deuxi\u00e8me ligne Eben Etzebeth ou l&rsquo;ailier Cheslin Kolbe, les joueurs de Rassie Erasmus ont domin\u00e9 tous les secteurs du jeu, avec sept essais dont un doubl\u00e9 de l&rsquo;ailier Edwill van der Merwe pour sa deuxi\u00e8me s\u00e9lection.<\/p>\n<p class=\"fig-paragraph\">Les Springboks affronteront la G\u00e9orgie la semaine prochaine, avant de retrouver en ao\u00fbt le Rugby Championship, la comp\u00e9tition des nations majeures de l&rsquo;h\u00e9misph\u00e8re sud dont ils sont champions en titre.<\/p>\n","protected":false},"excerpt":{"rendered":"R\u00e9duits \u00e0 14 en seconde p\u00e9riode, les sud africains ont domin\u00e9 l\u2019Italie 45-0 ce samedi. R\u00e9duits \u00e0 14&hellip;\n","protected":false},"author":2,"featured_media":245533,"comment_status":"","ping_status":"","sticky":false,"template":"","format":"standard","meta":{"footnotes":""},"categories":[1416],"tags":[1011,27,479,1468,60,21067],"class_list":{"0":"post-245532","1":"post","2":"type-post","3":"status-publish","4":"format-standard","5":"has-post-thumbnail","7":"category-rugby","8":"tag-fr","9":"tag-france","10":"tag-rugby","11":"tag-rugby-football","12":"tag-sports","13":"tag-springboks"},"share_on_mastodon":{"url":"https:\/\/pubeurope.com\/@fr\/114841768654466389","error":""},"_links":{"self":[{"href":"https:\/\/www.europesays.com\/fr\/wp-json\/wp\/v2\/posts\/245532","targetHints":{"allow":["GET"]}}],"collection":[{"href":"https:\/\/www.europesays.com\/fr\/wp-json\/wp\/v2\/posts"}],"about":[{"href":"https:\/\/www.europesays.com\/fr\/wp-json\/wp\/v2\/types\/post"}],"author":[{"embeddable":true,"href":"https:\/\/www.europesays.com\/fr\/wp-json\/wp\/v2\/users\/2"}],"replies":[{"embeddable":true,"href":"https:\/\/www.europesays.com\/fr\/wp-json\/wp\/v2\/comments?post=245532"}],"version-history":[{"count":0,"href":"https:\/\/www.europesays.com\/fr\/wp-json\/wp\/v2\/posts\/245532\/revisions"}],"wp:featuredmedia":[{"embeddable":true,"href":"https:\/\/www.europesays.com\/fr\/wp-json\/wp\/v2\/media\/245533"}],"wp:attachment":[{"href":"https:\/\/www.europesays.com\/fr\/wp-json\/wp\/v2\/media?parent=245532"}],"wp:term":[{"taxonomy":"category","embeddable":true,"href":"https:\/\/www.europesays.com\/fr\/wp-json\/wp\/v2\/categories?post=245532"},{"taxonomy":"post_tag","embeddable":true,"href":"https:\/\/www.europesays.com\/fr\/wp-json\/wp\/v2\/tags?post=245532"}],"curies":[{"name":"wp","href":"https:\/\/api.w.org\/{rel}","templated":true}]}}