{"id":245534,"date":"2025-07-12T18:51:11","date_gmt":"2025-07-12T18:51:11","guid":{"rendered":"https:\/\/www.europesays.com\/fr\/245534\/"},"modified":"2025-07-12T18:51:11","modified_gmt":"2025-07-12T18:51:11","slug":"je-ne-suis-pas-sur-quil-revienne-les-mots-forts-de-mcenroe-apres-lelimination-de-djokovic-a-wimbledon","status":"publish","type":"post","link":"https:\/\/www.europesays.com\/fr\/245534\/","title":{"rendered":"\u00ab Je ne suis pas s\u00fbr qu&rsquo;il revienne \u00bb, les mots forts de McEnroe apr\u00e8s l\u2019\u00e9limination de Djokovic \u00e0 Wimbledon"},"content":{"rendered":"<p>                <img decoding=\"async\" src=\"https:\/\/www.europesays.com\/fr\/wp-content\/uploads\/2025\/07\/NcTn.jpg\" alt=\"\u00ab Je ne suis pas s\u00fbr qu'il revienne \u00bb, les mots forts de McEnroe apr\u00e8s l\u2019\u00e9limination de Djokovic \u00e0 Wimbledon\"\/><\/p>\n<p>Dans une interview relay\u00e9e par Tennis Up To Date, McEnroe a \u00e9voqu\u00e9 le cas du septuple vainqueur de Wimbledon, Novak Djokovic. Selon lui, cette d\u00e9faite face \u00e0 Sinner en demi-finale du tournoi est le symbole d&rsquo;un tournant dans la carri\u00e8re du joueur \u00e2g\u00e9 de 38 ans.<\/p>\n<p>\u00ab Il a enfin rejoint le groupe des champions plus \u00e2g\u00e9s qui r\u00e9alisent que le meilleur est derri\u00e8re eux et qu&rsquo;ils doivent faire face \u00e0 ce fait malheureux. Je ne sais pas s&rsquo;il s&rsquo;agit d&rsquo;une blessure ou d&rsquo;une accumulation de matchs difficiles, mais le temps des anciens est r\u00e9volu. Honn\u00eatement, c&rsquo;est incroyable qu&rsquo;il soit arriv\u00e9 jusqu&rsquo;ici. C&rsquo;est fou. Ph\u00e9nom\u00e9nal.<\/p>\n<p>Novak devra beaucoup r\u00e9fl\u00e9chir au cours du mois \u00e0 venir. Pense-t-il que c&rsquo;est parce qu&rsquo;il \u00e9tait bless\u00e9 ou que son corps est us\u00e9 ? C&rsquo;est la premi\u00e8re fois que je le regarde et que je me dis \u00ab je ne suis pas s\u00fbr qu&rsquo;il revienne \u00bb. Je ne sais pas s&rsquo;il peut accepter d&rsquo;\u00eatre un cran ou deux en dessous de ces gars-l\u00e0. \u00bb<\/p>\n<p>Reste \u00e0 savoir ce que d\u00e9cidera de faire l\u2019ancien num\u00e9ro 1 mondial. S\u2019il a d\u00e9clar\u00e9 vouloir revenir \u00e0 Londres l\u2019ann\u00e9e prochaine, les prochains mois pourraient s\u2019av\u00e9rer cruciaux pour le recordman de Grands Chelems.<\/p>\n","protected":false},"excerpt":{"rendered":"Dans une interview relay\u00e9e par Tennis Up To Date, McEnroe a \u00e9voqu\u00e9 le cas du septuple vainqueur de&hellip;\n","protected":false},"author":2,"featured_media":245535,"comment_status":"","ping_status":"","sticky":false,"template":"","format":"standard","meta":{"footnotes":""},"categories":[1415],"tags":[1011,27,60,1467],"class_list":{"0":"post-245534","1":"post","2":"type-post","3":"status-publish","4":"format-standard","5":"has-post-thumbnail","7":"category-tennis","8":"tag-fr","9":"tag-france","10":"tag-sports","11":"tag-tennis"},"share_on_mastodon":{"url":"https:\/\/pubeurope.com\/@fr\/114841772593918116","error":""},"_links":{"self":[{"href":"https:\/\/www.europesays.com\/fr\/wp-json\/wp\/v2\/posts\/245534","targetHints":{"allow":["GET"]}}],"collection":[{"href":"https:\/\/www.europesays.com\/fr\/wp-json\/wp\/v2\/posts"}],"about":[{"href":"https:\/\/www.europesays.com\/fr\/wp-json\/wp\/v2\/types\/post"}],"author":[{"embeddable":true,"href":"https:\/\/www.europesays.com\/fr\/wp-json\/wp\/v2\/users\/2"}],"replies":[{"embeddable":true,"href":"https:\/\/www.europesays.com\/fr\/wp-json\/wp\/v2\/comments?post=245534"}],"version-history":[{"count":0,"href":"https:\/\/www.europesays.com\/fr\/wp-json\/wp\/v2\/posts\/245534\/revisions"}],"wp:featuredmedia":[{"embeddable":true,"href":"https:\/\/www.europesays.com\/fr\/wp-json\/wp\/v2\/media\/245535"}],"wp:attachment":[{"href":"https:\/\/www.europesays.com\/fr\/wp-json\/wp\/v2\/media?parent=245534"}],"wp:term":[{"taxonomy":"category","embeddable":true,"href":"https:\/\/www.europesays.com\/fr\/wp-json\/wp\/v2\/categories?post=245534"},{"taxonomy":"post_tag","embeddable":true,"href":"https:\/\/www.europesays.com\/fr\/wp-json\/wp\/v2\/tags?post=245534"}],"curies":[{"name":"wp","href":"https:\/\/api.w.org\/{rel}","templated":true}]}}