{"id":245536,"date":"2025-07-12T18:53:15","date_gmt":"2025-07-12T18:53:15","guid":{"rendered":"https:\/\/www.europesays.com\/fr\/245536\/"},"modified":"2025-07-12T18:53:15","modified_gmt":"2025-07-12T18:53:15","slug":"lenorme-chute-de-morbidelli-lors-de-la-course-sprint","status":"publish","type":"post","link":"https:\/\/www.europesays.com\/fr\/245536\/","title":{"rendered":"l\u2019\u00e9norme chute de Morbidelli lors de la course sprint"},"content":{"rendered":"<p>Apr\u00e8s les qualifications du Grand Prix d\u2019Allemagne, 11e manche du championnat du monde de MotoGP, la course sprint a \u00e9t\u00e9 marqu\u00e9e par une chute extr\u00eamement spectaculaire du pilote italien Franco Morbidelli.<\/p>\n<p>Grosse frayeur pour <a href=\"https:\/\/rmcsport.bfmtv.com\/auto-moto\/moto\/moto-gp-qatar-le-coup-de-sang-d-aleix-espargaro-qui-frappe-morbidelli-en-pleine-seance-d-essais-libres_AN-202311180376.html\" title=\"MotoGP (Qatar): le coup de sang d\u2019Aleix Espargaro qui frappe Morbidelli en pleine s\u00e9ance d\u2019essais libres\" class=\"internal_link\" rel=\"nofollow noopener\" target=\"_blank\">Franco Morbidelli<\/a>. Le pilote italien a \u00e9t\u00e9 victime d\u2019une chute tr\u00e8s spectaculaire samedi lors de la course sprint \u00e0 la veille du GP d&rsquo;Allemagne de MotoGP. Au 3e tour, alors qu\u2019il occupait la deuxi\u00e8me place derri\u00e8re Marco Bezzecchi, le pilote de l\u2019\u00e9curie Ducati-VR46 a perdu le contr\u00f4le de sa moto dans le virage n\u00b08 du circuit de Sachsenring.<\/p>\n<p>Morbidelli a gliss\u00e9 sur les graviers avant de faire plusieurs \u00ab\u00a0tonneaux.\u00a0\u00bb Une violente sortie de piste qui pourrait s\u2019expliquer en partie par les mauvaises conditions m\u00e9t\u00e9o et l\u2019humidit\u00e9 sur la piste. Le pilote italien a \u00e9t\u00e9 transf\u00e9r\u00e9 dans le cabinet m\u00e9dical pour passer des examens.<\/p>\n<p>Samedi en or pour Marc Marquez<\/p>\n<p>L&rsquo;Espagnol <a href=\"https:\/\/rmcsport.bfmtv.com\/auto-moto\/moto\/en-direct-moto-gp-suivez-le-gp-des-pays-bas-avec-fabio-quartararo-en-pole_LN-202506290200.html\" title=\"Moto GP: Au GP des Pays-Bas, Marc Marquez signe sa 68e victoire en carri\u00e8re, Quartararo est 10e\" class=\"internal_link\" rel=\"nofollow noopener\" target=\"_blank\">Marc Marquez<\/a> (Ducati) a arrach\u00e9 la victoire lors de la course sprint apr\u00e8s avoir doubl\u00e9 l&rsquo;Italien Marco Bezzecchi (Aprilia) dans le dernier tour, alors que le Fran\u00e7ais <a href=\"https:\/\/rmcsport.bfmtv.com\/auto-moto\/moto\/fabio-quartararo_DN-202108310551.html\" title=\"Fabio Quartararo\" class=\"internal_link\" rel=\"nofollow noopener\" target=\"_blank\">Fabio Quartararo<\/a> (Yamaha) a pris la troisi\u00e8me place.<\/p>\n<p>Un peu plus t\u00f4t, sous la pluie, <a href=\"https:\/\/rmcsport.bfmtv.com\/auto-moto\/moto\/moto-gp-zarco-tout-proche-de-la-pole-au-grand-prix-d-allemagne_AV-202507120224.html\" title=\"MotoGP: Zarco tout proche de la pole au Grand Prix d&#039;Allemagne\" class=\"internal_link\" rel=\"nofollow noopener\" target=\"_blank\">Marc Marquez, encore lui, avait d\u00e9croch\u00e9 la pole position du GP d&rsquo;Allemagne de MotoGP<\/a>, alors que le Fran\u00e7ais <a href=\"https:\/\/rmcsport.bfmtv.com\/auto-moto\/moto\/johann-zarco_DN-202108310531.html\" title=\"Johann Zarco\" class=\"internal_link\" rel=\"nofollow noopener\" target=\"_blank\">Johann Zarco<\/a> (Honda-LCR) a cr\u00e9\u00e9 la surprise en prenant la deuxi\u00e8me place<\/p>\n","protected":false},"excerpt":{"rendered":"Apr\u00e8s les qualifications du Grand Prix d\u2019Allemagne, 11e manche du championnat du monde de MotoGP, la course sprint&hellip;\n","protected":false},"author":2,"featured_media":245537,"comment_status":"","ping_status":"","sticky":false,"template":"","format":"standard","meta":{"footnotes":""},"categories":[1413],"tags":[1011,27,1457,1456,60],"class_list":{"0":"post-245536","1":"post","2":"type-post","3":"status-publish","4":"format-standard","5":"has-post-thumbnail","7":"category-moto","8":"tag-fr","9":"tag-france","10":"tag-moto","11":"tag-motocycle","12":"tag-sports"},"share_on_mastodon":{"url":"https:\/\/pubeurope.com\/@fr\/114841780446114439","error":""},"_links":{"self":[{"href":"https:\/\/www.europesays.com\/fr\/wp-json\/wp\/v2\/posts\/245536","targetHints":{"allow":["GET"]}}],"collection":[{"href":"https:\/\/www.europesays.com\/fr\/wp-json\/wp\/v2\/posts"}],"about":[{"href":"https:\/\/www.europesays.com\/fr\/wp-json\/wp\/v2\/types\/post"}],"author":[{"embeddable":true,"href":"https:\/\/www.europesays.com\/fr\/wp-json\/wp\/v2\/users\/2"}],"replies":[{"embeddable":true,"href":"https:\/\/www.europesays.com\/fr\/wp-json\/wp\/v2\/comments?post=245536"}],"version-history":[{"count":0,"href":"https:\/\/www.europesays.com\/fr\/wp-json\/wp\/v2\/posts\/245536\/revisions"}],"wp:featuredmedia":[{"embeddable":true,"href":"https:\/\/www.europesays.com\/fr\/wp-json\/wp\/v2\/media\/245537"}],"wp:attachment":[{"href":"https:\/\/www.europesays.com\/fr\/wp-json\/wp\/v2\/media?parent=245536"}],"wp:term":[{"taxonomy":"category","embeddable":true,"href":"https:\/\/www.europesays.com\/fr\/wp-json\/wp\/v2\/categories?post=245536"},{"taxonomy":"post_tag","embeddable":true,"href":"https:\/\/www.europesays.com\/fr\/wp-json\/wp\/v2\/tags?post=245536"}],"curies":[{"name":"wp","href":"https:\/\/api.w.org\/{rel}","templated":true}]}}