{"id":245544,"date":"2025-07-12T18:57:10","date_gmt":"2025-07-12T18:57:10","guid":{"rendered":"https:\/\/www.europesays.com\/fr\/245544\/"},"modified":"2025-07-12T18:57:10","modified_gmt":"2025-07-12T18:57:10","slug":"gerard-jugnot-evoque-avec-nostalgie-sur-tf1-ses-50-ans-de-carriere","status":"publish","type":"post","link":"https:\/\/www.europesays.com\/fr\/245544\/","title":{"rendered":"G\u00e9rard Jugnot \u00e9voque avec nostalgie sur TF1 ses 50 ans de carri\u00e8re"},"content":{"rendered":"<p>    G\u00e9rard Jugnot sur TF1.<br \/>\n                Capture \u00e9cran<\/p>\n<p>L\u2019acteur de 74 ans assure dans \u00ab50 minutes inside\u00bb avoir toujours \u00abl\u2019\u0153il qui frise\u00bb quand il retrouve ses complices de la troupe du Splendid, non sans avoir une pens\u00e9e \u00e9mue pour le regrett\u00e9 Michel Blanc.<\/p>\n<p class=\"fig-paragraph\">Un acteur populaire qui rassemble. D\u2019abord avec la troupe du Splendid puis en solo, notamment dans les films Les Choristes ou Monsieur Batignole, pour ne citer qu\u2019eux. Depuis un demi-si\u00e8cle<a href=\"http:\/\/tvmag.lefigaro.fr\/programme-tv\/actu-tele\/une-enorme-allergie-a-un-medicament-gerard-jugnot-livre-des-details-sur-les-circonstances-du-deces-de-michel-blanc-20241004\" target=\"_blank\" data-fig-type=\"Article\" rel=\"noopener nofollow\" data-gtm-custom-categorie=\"navigation\" data-gtm-custom-action=\"crossclick\" data-gtm-custom-label=\"Contextuel\" data-gtm-event=\"customEventSPE\" data-fig-domain=\"TVMAG\"><strong>\u00a0G\u00e9rard Jugnot<\/strong><\/a> \u00a0fait sourire et rire le public fran\u00e7ais.<\/p>\n<p class=\"fig-paragraph\">\u00abLes gens nous remercient pour les avoir accompagn\u00e9s dans leur jeunesse ou dans leur \u00e2ge plus m\u00fbr\u00bb, confie-t-il \u00e0\u00a0<a href=\"http:\/\/tvmag.lefigaro.fr\/programme-tv\/actu-tele\/marie-sophie-lacarrau-et-isabelle-ithurburu-nous-partageons-les-memes-preoccupations-que-les-francais-20250703\" target=\"_blank\" data-fig-type=\"Article\" rel=\"noopener nofollow\" data-gtm-custom-categorie=\"navigation\" data-gtm-custom-action=\"crossclick\" data-gtm-custom-label=\"Contextuel\" data-gtm-event=\"customEventSPE\" data-fig-domain=\"TVMAG\">Isabelle Ithurburu<\/a>\u00a0ce samedi 12 juillet dans \u00ab50 minutes inside\u00bb sur TF1. \u00abC\u2019est plut\u00f4t sympathique\u00bb, ajoute-t-il avant de rappeler \u00abl\u2019ingr\u00e9dient magique\u00bb qui a fa\u00e7onn\u00e9 le succ\u00e8s de sa troupe\u00a0: la d\u00e9rision.<\/p>\n<p>                                    <a class=\"fig-a11y-skip a11y-hidden\" href=\"#fig-a11y-skip-main-inarticle\"><br \/>\n        Passer la publicit\u00e9<br \/>\n    <\/a><\/p>\n<p class=\"fig-paragraph\">Avec Christian Clavier, Thierry Lhermitte, Marie-Anne Chazel ainsi que Bruno Moynot et\u00a0<a href=\"http:\/\/tvmag.lefigaro.fr\/programme-tv\/actu-tele\/on-est-exploite-par-les-metteurs-en-scene-josiane-balasko-explique-pourquoi-elle-a-du-ecrire-ses-propres-roles-20230603\" target=\"_blank\" data-fig-type=\"Article\" rel=\"noopener nofollow\" data-gtm-custom-categorie=\"navigation\" data-gtm-custom-action=\"crossclick\" data-gtm-custom-label=\"Contextuel\" data-gtm-event=\"customEventSPE\" data-fig-domain=\"TVMAG\">Josiane Balasko<\/a>, ils sont \u00abtr\u00e8s diff\u00e9rents\u00bb. \u00abOn ne pense pas du tout les m\u00eames choses sur plein de choses, mais on avait un d\u00e9nominateur commun qui \u00e9tait la d\u00e9rision, l\u2019observation des gens. De se moquer un peu de nos parents, des gens plus \u00e2g\u00e9s ou des cons ou de nous-m\u00eame\u00bb, assure G\u00e9rard Jugnot.<\/p>\n<p class=\"fig-body-link\">\n            \u00c0 lire aussi<br \/>\n        <a class=\"fig-body-link__link fig-premium-mark\" href=\"http:\/\/tvmag.lefigaro.fr\/programme-tv\/actu-tele\/marie-sophie-lacarrau-et-isabelle-ithurburu-nous-partageons-les-memes-preoccupations-que-les-francais-20250703\" target=\"_blank\" data-fig-type=\"Article\" rel=\"noopener nofollow\" data-gtm-custom-categorie=\"navigation\" data-gtm-custom-action=\"crossclick\" data-gtm-custom-label=\"Contextuel\" data-gtm-event=\"customEventSPE\" data-fig-domain=\"TVMAG\">Marie-Sophie Lacarrau et Isabelle Ithurburu\u00a0: \u00abNous partageons les m\u00eames pr\u00e9occupations que les Fran\u00e7ais\u00bb<br \/>\n    <\/a>\n<\/p>\n<p class=\"fig-paragraph\">\u00abOn ne s\u2019est jamais engueul\u00e9. Sur sc\u00e8ne, il n\u2019y a jamais eu de probl\u00e8me de tirage de couverture. D\u00e8s qu\u2019il y avait un sujet qui f\u00e2che, on \u00e9vitait. Il y a toujours cet \u0153il qui frise quand on se retrouve\u00bb, promet le com\u00e9dien de 74 ans.<\/p>\n<p>L\u2019hommage \u00e0 Michel Blanc<\/p>\n<p class=\"fig-paragraph\">L\u2019interview ne pouvait pas se d\u00e9rouler sans l\u2019\u00e9vocation du regrett\u00e9\u00a0<a href=\"http:\/\/www.lefigaro.fr\/cinema\/il-pouvait-etre-odieux-patrice-leconte-revient-sur-son-tournage-difficile-avec-michel-blanc-20250613\" target=\"_blank\" data-fig-type=\"Article\" rel=\"noopener nofollow\" data-gtm-custom-categorie=\"navigation\" data-gtm-custom-action=\"crossclick\" data-gtm-custom-label=\"Contextuel\" data-gtm-event=\"customEventSPE\" data-fig-domain=\"LEFIGARO\">Michel Blanc<\/a>, disparu le 3 octobre 2024. \u00abQuel con\u00bb, d\u00e9clare G\u00e9rard Jugnot, non sans \u00e9motion. L\u2019acteur salue la m\u00e9moire de celui qui \u00abavait un sens du dialogue formidable, qui a toujours \u00e9t\u00e9 un peu \u00e0 part\u00bb. \u00abMichel avait besoin de sa bulle, de son univers. C\u2019\u00e9tait un r\u00e2leur\u00bb, se souvient-il avec tendresse. Depuis la disparition de \u00abson copain\u00bb, il confirme ce soir sur la premi\u00e8re cha\u00eene, \u00abse sentir un peu orphelin\u00bb.<\/p>\n","protected":false},"excerpt":{"rendered":"G\u00e9rard Jugnot sur TF1. Capture \u00e9cran L\u2019acteur de 74 ans assure dans \u00ab50 minutes inside\u00bb avoir toujours \u00abl\u2019\u0153il&hellip;\n","protected":false},"author":2,"featured_media":245545,"comment_status":"","ping_status":"","sticky":false,"template":"","format":"standard","meta":{"footnotes":""},"categories":[1359],"tags":[58,59,1011,27,15633,6975,973],"class_list":{"0":"post-245544","1":"post","2":"type-post","3":"status-publish","4":"format-standard","5":"has-post-thumbnail","7":"category-people","8":"tag-divertissement","9":"tag-entertainment","10":"tag-fr","11":"tag-france","12":"tag-gerard-jugnot","13":"tag-isabelle-ithurburu","14":"tag-people"},"share_on_mastodon":{"url":"https:\/\/pubeurope.com\/@fr\/114841796288746736","error":""},"_links":{"self":[{"href":"https:\/\/www.europesays.com\/fr\/wp-json\/wp\/v2\/posts\/245544","targetHints":{"allow":["GET"]}}],"collection":[{"href":"https:\/\/www.europesays.com\/fr\/wp-json\/wp\/v2\/posts"}],"about":[{"href":"https:\/\/www.europesays.com\/fr\/wp-json\/wp\/v2\/types\/post"}],"author":[{"embeddable":true,"href":"https:\/\/www.europesays.com\/fr\/wp-json\/wp\/v2\/users\/2"}],"replies":[{"embeddable":true,"href":"https:\/\/www.europesays.com\/fr\/wp-json\/wp\/v2\/comments?post=245544"}],"version-history":[{"count":0,"href":"https:\/\/www.europesays.com\/fr\/wp-json\/wp\/v2\/posts\/245544\/revisions"}],"wp:featuredmedia":[{"embeddable":true,"href":"https:\/\/www.europesays.com\/fr\/wp-json\/wp\/v2\/media\/245545"}],"wp:attachment":[{"href":"https:\/\/www.europesays.com\/fr\/wp-json\/wp\/v2\/media?parent=245544"}],"wp:term":[{"taxonomy":"category","embeddable":true,"href":"https:\/\/www.europesays.com\/fr\/wp-json\/wp\/v2\/categories?post=245544"},{"taxonomy":"post_tag","embeddable":true,"href":"https:\/\/www.europesays.com\/fr\/wp-json\/wp\/v2\/tags?post=245544"}],"curies":[{"name":"wp","href":"https:\/\/api.w.org\/{rel}","templated":true}]}}