{"id":245548,"date":"2025-07-12T18:59:18","date_gmt":"2025-07-12T18:59:18","guid":{"rendered":"https:\/\/www.europesays.com\/fr\/245548\/"},"modified":"2025-07-12T18:59:18","modified_gmt":"2025-07-12T18:59:18","slug":"vezeronce-curtin-levenement-partir-en-livre-a-debute-mercredi-au-square","status":"publish","type":"post","link":"https:\/\/www.europesays.com\/fr\/245548\/","title":{"rendered":"V\u00e9zeronce-Curtin. L\u2019\u00e9v\u00e8nement Partir en livre a d\u00e9but\u00e9 mercredi au square"},"content":{"rendered":"<p>L\u2019\u00e9dition 2025 de Partir en livre a pour th\u00e8me \u201cLes animaux et nous\u201d. La m\u00e9diath\u00e8que vous invite \u00e0 venir \u00e9couter des histoires dans et \u201chors les murs\u201d.<\/p>\n<p>Le mercredi 9\u00a0juillet au matin, c\u2019\u00e9tait la premi\u00e8re s\u00e9ance avec Catherine, dans la pergola du square, \u00e0 c\u00f4t\u00e9 de la Diamantelle. Une s\u00e9ance toute en douceur.<\/p>\n<p>La prochaine s\u00e9ance se d\u00e9roulera le mercredi 16\u00a0juillet, de 10 \u00e0 11 heures, toujours au square.<\/p>\n<p class=\"note\">Ouvert \u00e0 tous, enfants et adultes. Entr\u00e9e libre.<\/p>\n","protected":false},"excerpt":{"rendered":"L\u2019\u00e9dition 2025 de Partir en livre a pour th\u00e8me \u201cLes animaux et nous\u201d. La m\u00e9diath\u00e8que vous invite \u00e0&hellip;\n","protected":false},"author":2,"featured_media":245549,"comment_status":"","ping_status":"","sticky":false,"template":"","format":"standard","meta":{"footnotes":""},"categories":[1357],"tags":[1379,1687,58,116,59,1011,27,1380,2410,22529,38531],"class_list":{"0":"post-245548","1":"post","2":"type-post","3":"status-publish","4":"format-standard","5":"has-post-thumbnail","7":"category-livres","8":"tag-books","9":"tag-culture-loisirs","10":"tag-divertissement","11":"tag-edition-la-tour-du-pin-nord-dauphine","12":"tag-entertainment","13":"tag-fr","14":"tag-france","15":"tag-livres","16":"tag-livres-bd","17":"tag-pays-des-couleurs","18":"tag-vezeronce-curtin"},"share_on_mastodon":{"url":"https:\/\/pubeurope.com\/@fr\/114841804920726906","error":""},"_links":{"self":[{"href":"https:\/\/www.europesays.com\/fr\/wp-json\/wp\/v2\/posts\/245548","targetHints":{"allow":["GET"]}}],"collection":[{"href":"https:\/\/www.europesays.com\/fr\/wp-json\/wp\/v2\/posts"}],"about":[{"href":"https:\/\/www.europesays.com\/fr\/wp-json\/wp\/v2\/types\/post"}],"author":[{"embeddable":true,"href":"https:\/\/www.europesays.com\/fr\/wp-json\/wp\/v2\/users\/2"}],"replies":[{"embeddable":true,"href":"https:\/\/www.europesays.com\/fr\/wp-json\/wp\/v2\/comments?post=245548"}],"version-history":[{"count":0,"href":"https:\/\/www.europesays.com\/fr\/wp-json\/wp\/v2\/posts\/245548\/revisions"}],"wp:featuredmedia":[{"embeddable":true,"href":"https:\/\/www.europesays.com\/fr\/wp-json\/wp\/v2\/media\/245549"}],"wp:attachment":[{"href":"https:\/\/www.europesays.com\/fr\/wp-json\/wp\/v2\/media?parent=245548"}],"wp:term":[{"taxonomy":"category","embeddable":true,"href":"https:\/\/www.europesays.com\/fr\/wp-json\/wp\/v2\/categories?post=245548"},{"taxonomy":"post_tag","embeddable":true,"href":"https:\/\/www.europesays.com\/fr\/wp-json\/wp\/v2\/tags?post=245548"}],"curies":[{"name":"wp","href":"https:\/\/api.w.org\/{rel}","templated":true}]}}