{"id":245550,"date":"2025-07-12T19:00:13","date_gmt":"2025-07-12T19:00:13","guid":{"rendered":"https:\/\/www.europesays.com\/fr\/245550\/"},"modified":"2025-07-12T19:00:13","modified_gmt":"2025-07-12T19:00:13","slug":"avant-premiere-tout-pour-la-lumiere-du-lundi-14-juillet-2025-episode-21-tf1","status":"publish","type":"post","link":"https:\/\/www.europesays.com\/fr\/245550\/","title":{"rendered":"Avant-premi\u00e8re &#8211; Tout pour la lumi\u00e8re du lundi 14 juillet 2025 &#8211; Episode 21 &#8211; TF1+"},"content":{"rendered":"<ol>\n<li><a href=\"https:\/\/news.google.com\/rss\/articles\/CBMi0gFBVV95cUxQNFdBZlRySy01bnlLZzlSTjRqRC1xem1BcmU3QUxPY21WZUhCMm13YjRPek5ueEdqRnRFY0VHMXUxYTB6VXBETUtsb09keVkzZzJ5S0t4VW5ROWg5dGg3WGJZX3BIMmVNLV9hV0dlbWRqcWZTOHd5bVY0dmRRLW16dUxvTmptQmpyUndhcWxWOFQzMXMwcGFsRFVtYldnVzY4d1R3TmIxY2pId3pKM3Nudy1UeXRtdmh5U2t5czVwU3ZURDNYOUkwMDFuckRwaXl5Nnc?oc=5\" target=\"_blank\" rel=\"noopener\">Avant-premi\u00e8re &#8211; Tout pour la lumi\u00e8re du lundi 14 juillet 2025 &#8211; Episode 21<\/a>&nbsp;&nbsp;TF1+<\/li>\n<li><a href=\"https:\/\/news.google.com\/rss\/articles\/CBMifkFVX3lxTE1sV1VvNW1XVDZCT3pJakh6MlZVZ1VZS2FIUkNyN1A5WFZyX0dMYVJrMDh1ZGo0b2tULUR1RlpQYnNONUhfTUZ4bEc5Vm93WF9EUU8wU1JlSmRrUGNZQjhra3BRVm1hU2JJMEh2WEJoMkp0cUFpQ3FJY2FmUmRuZw?oc=5\" target=\"_blank\" rel=\"noopener\">Tout pour la lumi\u00e8re : Victoria et Max au bord de la rupture&#8230; Ce qui vous attend la semaine du 14 au 18 juillet 2025 [SPOILERS]<\/a>&nbsp;&nbsp;AlloCin\u00e9<\/li>\n<li><a href=\"https:\/\/news.google.com\/rss\/articles\/CBMi_gFBVV95cUxObzFBeHZDcldvT0w0Y0UwLXJFbG4ybGFOVTNGc0V4Z1pmNkY4RUNFdWFESV9QY25zUXMzdGQzVUhuOGpiem5hLTNIRjd2OUdlcEN2RUdfWkRGUHBkeV9SNTEySzBuRlJZbmo0SG1HRE9JakJXLTZYbHJRYWhUZVUxbC1jS0p5R2NSNV9ubUR2bnlCTHRXdUpUYnREcGZ2bWhYbFJHajJtWno3Vm9WVTBhNkk3V21QVmxyc2NvQWxXa2F2WkR0U25GQk5HMzNoSGpaQmI4Q1VVWktuZ1VGYWY1STc3WkdWakcwS3NOeGQydmh2QThnMVNlQW9QRDFfUQ?oc=5\" target=\"_blank\" rel=\"noopener\">Tout pour la lumi\u00e8re : pourquoi Ali s&rsquo;en est-il pris \u00e0 Victoria ? On a la r\u00e9ponse<\/a>&nbsp;&nbsp;Portail Orange<\/li>\n<li><a href=\"https:\/\/news.google.com\/rss\/articles\/CBMi8gFBVV95cUxPWjRWVnp1NFBhOGQyU3hSY0hqd3F4eFJWSDQzVnlMdkFZUE91SFF0ZFl6Y1Z3UnptMVBIRmZPN1dSTTZSM2dGSVBuOEwzdzVxclN6NEs1eFNVaG9QanlXaUg4RGRRREZWZURNaU9tT3k0N2NOOHJnUG9ndXRxWXBIR0dfWWtVVFA2SGhJUE4wempYdG01UzdjR01CallaRFlBcnl2WFVDTVBKcWhyRUhnVnJ1QTZlLUNBVlIxU0FqMW03TmRQN0UybloxSU9NRjI5RGpkQk5aekxvRzdDRVZwZ0p3c09ZaXNZVm1yMnNfX3FpZw?oc=5\" target=\"_blank\" rel=\"noopener\">Tout pour la lumi\u00e8re : Baya surprend Victoria et Ali&#8230; Le r\u00e9sum\u00e9 du 14 juillet (SPOILERS)<\/a>&nbsp;&nbsp;T\u00e9l\u00e9 7 Jours<\/li>\n<li><a href=\"https:\/\/news.google.com\/rss\/articles\/CBMi8AFBVV95cUxPdTRjMnJiRGp5SndkQWlMSkg1SXJDaHlVemdIMU1mNi13NERoNDVMY0ZiWjdjbGhDdFRjaERoVVdVX3kxbFA0M3JqUWp2VU14MXRXYnc1elZ4QzdPSzFBdUljdExCb1J0cFh1dVFhOTRWckxMOHFQVjNvZlJYWVZfTjlYMk1oUHg2VW9oZnJxeEZ0WVR4QzlpNVVtbVd5TzYwY0FVMW5RTWJFalNZak1zQzgxMWZ6Yy1DQ3g2X1d6TlZ1djQzS09RWGRMN1o4cHNETXlHblNGcXFpZ1lYZGpBOC1ObW9qZmlla0JLMzJoMXc?oc=5\" target=\"_blank\" rel=\"noopener\">Tout pour la lumi\u00e8re, le r\u00e9sum\u00e9 en avance du vendredi 11 juillet : Victoria confronte Jo\u00ebl, l\u2019identit\u00e9 du harceleur r\u00e9v\u00e9l\u00e9e<\/a>&nbsp;&nbsp;Diverto<\/li>\n<\/ol>\n","protected":false},"excerpt":{"rendered":"Avant-premi\u00e8re &#8211; Tout pour la lumi\u00e8re du lundi 14 juillet 2025 &#8211; Episode 21&nbsp;&nbsp;TF1+ Tout pour la lumi\u00e8re&hellip;\n","protected":false},"author":2,"featured_media":245551,"comment_status":"","ping_status":"","sticky":false,"template":"","format":"standard","meta":{"footnotes":""},"categories":[1356],"tags":[58,59,1365,31167,1011,27,31171,252,31169,31168,1364,31172,31170],"class_list":{"0":"post-245550","1":"post","2":"type-post","3":"status-publish","4":"format-standard","5":"has-post-thumbnail","7":"category-television","8":"tag-divertissement","9":"tag-entertainment","10":"tag-episode","11":"tag-episode-tout-pour-la-lumiere","12":"tag-fr","13":"tag-france","14":"tag-streaming-tout-pour-la-lumiere","15":"tag-television","16":"tag-tout-pour-la-lumiere","17":"tag-tout-pour-la-lumiere-episode","18":"tag-tv","19":"tag-video-en-streaming-tout-pour-la-lumiere","20":"tag-video-tout-pour-la-lumiere"},"share_on_mastodon":{"url":"https:\/\/pubeurope.com\/@fr\/114841807991318577","error":""},"_links":{"self":[{"href":"https:\/\/www.europesays.com\/fr\/wp-json\/wp\/v2\/posts\/245550","targetHints":{"allow":["GET"]}}],"collection":[{"href":"https:\/\/www.europesays.com\/fr\/wp-json\/wp\/v2\/posts"}],"about":[{"href":"https:\/\/www.europesays.com\/fr\/wp-json\/wp\/v2\/types\/post"}],"author":[{"embeddable":true,"href":"https:\/\/www.europesays.com\/fr\/wp-json\/wp\/v2\/users\/2"}],"replies":[{"embeddable":true,"href":"https:\/\/www.europesays.com\/fr\/wp-json\/wp\/v2\/comments?post=245550"}],"version-history":[{"count":0,"href":"https:\/\/www.europesays.com\/fr\/wp-json\/wp\/v2\/posts\/245550\/revisions"}],"wp:featuredmedia":[{"embeddable":true,"href":"https:\/\/www.europesays.com\/fr\/wp-json\/wp\/v2\/media\/245551"}],"wp:attachment":[{"href":"https:\/\/www.europesays.com\/fr\/wp-json\/wp\/v2\/media?parent=245550"}],"wp:term":[{"taxonomy":"category","embeddable":true,"href":"https:\/\/www.europesays.com\/fr\/wp-json\/wp\/v2\/categories?post=245550"},{"taxonomy":"post_tag","embeddable":true,"href":"https:\/\/www.europesays.com\/fr\/wp-json\/wp\/v2\/tags?post=245550"}],"curies":[{"name":"wp","href":"https:\/\/api.w.org\/{rel}","templated":true}]}}