{"id":245552,"date":"2025-07-12T19:01:13","date_gmt":"2025-07-12T19:01:13","guid":{"rendered":"https:\/\/www.europesays.com\/fr\/245552\/"},"modified":"2025-07-12T19:01:13","modified_gmt":"2025-07-12T19:01:13","slug":"ce-projet-qui-ne-menage-pas-son-corps","status":"publish","type":"post","link":"https:\/\/www.europesays.com\/fr\/245552\/","title":{"rendered":"ce projet qui ne m\u00e9nage pas son corps"},"content":{"rendered":"<p>Depuis quelques semaines, Vianney a amorc\u00e9 une nouvelle vie. Le chanteur de 34 ans veut construire une cabane de ses mains, et c&rsquo;est son corps qui en fait les frais. En story Instagram ce samedi 12 juillet, l&rsquo;artiste a post\u00e9 une photo tr\u00e8s parlante de sa main&#8230;<\/p>\n<p>D\u00e9sormais, Vianney veut \u00ab\u00a0construire plut\u00f4t que produire\u00a0\u00bb. Le 23 juin dernier, dans une vid\u00e9o post\u00e9e sur son compte Instagram, le chanteur de 34 ans annon\u00e7ait son projet de construire de ses mains une cabane \u00ab\u00a0seul et en silence\u00a0\u00bb pour ensuite s&rsquo;y enfermer cet hiver pour \u00ab\u00a0fabriquer de nouvelles chansons\u00a0\u00bb. <a href=\"https:\/\/www.programme-tv.net\/news\/people\/368102-ma-vie-de-mari-et-de-papa-que-vous-connaissez-moins-vianney-devoile-de-rares-images-de-son-fils-edgard-dans-une-video\/\" data-api-deeplink=\"teleloisirs:\/\/news\/368102\" target=\"_blank\" rel=\"noopener\">Le jeune papa<\/a> ne blaguait pas. Il a d\u00e9j\u00e0 bien commenc\u00e9. En t\u00e9moignent justement ses mains. Le chanteur qui s&rsquo;improvise charpentier a post\u00e9 en story Instagram ce samedi 12 juillet. <b>Sa main droite qu&rsquo;il montre ouverte \u00e0 ses 987 000 abonn\u00e9s y appara\u00eet toute boursoufl\u00e9e<\/b>, montrant que ce n&rsquo;est pas du cin\u00e9ma. \u00ab\u00a0Aujourd&rsquo;hui, je sors de mon chantier pour aller \u00e0 un \u00e9v\u00e9nement pour lequel je me suis engag\u00e9 il y a plusieurs mois\u00a0\u00bb, \u00e9crit l&rsquo;\u00e9poux de la musicienne <a href=\"https:\/\/www.programme-tv.net\/biographie\/189546-robert-catherine\/\" data-link-people=\"a5685949-fb6a-4ef1-bef8-a6fa60475ca1\" target=\"_blank\" rel=\"noopener\">Catherine Robert<\/a>.<\/p>\n<p>\u00ab\u00a0J&rsquo;ai h\u00e2te\u00a0\u00bb : Vianney excit\u00e9 par un projet tr\u00e8s prenant physiquement<\/p>\n<p>\u00ab\u00a0Incroyable de revenir \u00e0 cette vie pour 24h\u00a0\u00bb, poursuit l&rsquo;artiste. Avant d&rsquo;ajouter : \u00ab\u00a0J&rsquo;ai h\u00e2te de vous expliquer o\u00f9 j&rsquo;en suis. Bon week-end \u00e0 tous.\u00a0\u00bb C&rsquo;est avec ses mains qu&rsquo;il joue de la guitare tout autant qu&rsquo;il fabrique sa cabane, en se donnant \u00e0 fond, sans avoir peur de s&rsquo;ab\u00eemer, pour mieux se retrouver apr\u00e8s tout le tumulte m\u00e9diatique qui a entour\u00e9 son succ\u00e8s. Le p\u00e8re de famille aspire \u00e0 plus de calme, m\u00eame s&rsquo;il n&rsquo;est pas question de renoncer aux engagements d\u00e9j\u00e0 pris. \u00ab\u00a0Je suis \u00e0 un tournant dans ma t\u00eate\u00a0\u00bb, confiait en f\u00e9vrier dernier dans les colonnes de T\u00e9l\u00e9 7 Jours celui qui a d\u00e9cid\u00e9 d&rsquo;arr\u00eater d&rsquo;\u00eatre <a href=\"https:\/\/www.programme-tv.net\/news\/people\/371877-vianney-toujours-impressionne-devant-florent-pagny-ce-mot-qu-il-refuse-de-lui-dire-par-respect\/\" data-api-deeplink=\"teleloisirs:\/\/news\/371877\" target=\"_blank\" rel=\"noopener\">coach dans The Voice<\/a>. \u00ab\u00a0Je ressens le besoin de me poser, tout en continuant \u00e0 faire de la musique\u2026 mais autrement\u00a0\u00bb, indiquait-il.<\/p>\n<p>                        \u00ab\u00a0Je ne suis pas \u00e0 l\u2019aise avec cette vie-l\u00e0\u00a0\u00bb : pourquoi Vianney veut-il se retirer en pleine nature ?<\/p>\n<p>\u00ab\u00a0Mon rapport \u00e0 la lumi\u00e8re est complexe\u00a0\u00bb, avait expliqu\u00e9 Vianney au pr\u00e9sentateur de The Voice, <a href=\"https:\/\/www.programme-tv.net\/biographie\/10136-aliagas-nikos\/\" data-link-people=\"f7aba040-9169-4e30-aac3-6e2ca1bb8457\" target=\"_blank\" rel=\"noopener\">Nikos Aliagas<\/a> dans le cadre d&rsquo;une interview publi\u00e9e dans les colonnes de Gala en d\u00e9but d&rsquo;ann\u00e9e. \u00ab\u00a0Quand elle est trop longtemps sur moi\u2026 Je ne suis pas \u00e0 l\u2019aise avec cette vie-l\u00e0. Depuis que j\u2019ai retrouv\u00e9 un peu d\u2019ombre de mani\u00e8re personnelle, mon bonheur a augment\u00e9\u00a0\u00bb, avait d\u00e9taill\u00e9 celui qui compte bien lever le pied. La d\u00e9cision choc d&rsquo;un artiste vraiment pas comme les autres.<\/p>\n<p>Article \u00e9crit en collaboration avec 6Medias<\/p>\n","protected":false},"excerpt":{"rendered":"Depuis quelques semaines, Vianney a amorc\u00e9 une nouvelle vie. Le chanteur de 34 ans veut construire une cabane&hellip;\n","protected":false},"author":2,"featured_media":245553,"comment_status":"","ping_status":"","sticky":false,"template":"","format":"standard","meta":{"footnotes":""},"categories":[1355],"tags":[244,58,59,1011,27,1361,873,8475,1630],"class_list":{"0":"post-245552","1":"post","2":"type-post","3":"status-publish","4":"format-standard","5":"has-post-thumbnail","7":"category-musique","8":"tag-commentaire","9":"tag-divertissement","10":"tag-entertainment","11":"tag-fr","12":"tag-france","13":"tag-music","14":"tag-musique","15":"tag-vianney","16":"tag-zapping"},"share_on_mastodon":{"url":"https:\/\/pubeurope.com\/@fr\/114841811919757898","error":""},"_links":{"self":[{"href":"https:\/\/www.europesays.com\/fr\/wp-json\/wp\/v2\/posts\/245552","targetHints":{"allow":["GET"]}}],"collection":[{"href":"https:\/\/www.europesays.com\/fr\/wp-json\/wp\/v2\/posts"}],"about":[{"href":"https:\/\/www.europesays.com\/fr\/wp-json\/wp\/v2\/types\/post"}],"author":[{"embeddable":true,"href":"https:\/\/www.europesays.com\/fr\/wp-json\/wp\/v2\/users\/2"}],"replies":[{"embeddable":true,"href":"https:\/\/www.europesays.com\/fr\/wp-json\/wp\/v2\/comments?post=245552"}],"version-history":[{"count":0,"href":"https:\/\/www.europesays.com\/fr\/wp-json\/wp\/v2\/posts\/245552\/revisions"}],"wp:featuredmedia":[{"embeddable":true,"href":"https:\/\/www.europesays.com\/fr\/wp-json\/wp\/v2\/media\/245553"}],"wp:attachment":[{"href":"https:\/\/www.europesays.com\/fr\/wp-json\/wp\/v2\/media?parent=245552"}],"wp:term":[{"taxonomy":"category","embeddable":true,"href":"https:\/\/www.europesays.com\/fr\/wp-json\/wp\/v2\/categories?post=245552"},{"taxonomy":"post_tag","embeddable":true,"href":"https:\/\/www.europesays.com\/fr\/wp-json\/wp\/v2\/tags?post=245552"}],"curies":[{"name":"wp","href":"https:\/\/api.w.org\/{rel}","templated":true}]}}