{"id":245565,"date":"2025-07-12T19:08:10","date_gmt":"2025-07-12T19:08:10","guid":{"rendered":"https:\/\/www.europesays.com\/fr\/245565\/"},"modified":"2025-07-12T19:08:10","modified_gmt":"2025-07-12T19:08:10","slug":"affaire-epstein-les-complotistes-de-la-galaxie-maga-se-sentent-trahis-par-donald-trump-mediapart","status":"publish","type":"post","link":"https:\/\/www.europesays.com\/fr\/245565\/","title":{"rendered":"Affaire Epstein : les complotistes de la galaxie Maga se sentent trahis par Donald Trump &#8211; Mediapart"},"content":{"rendered":"<ol>\n<li><a href=\"https:\/\/news.google.com\/rss\/articles\/CBMi1wFBVV95cUxNdXp3cDhjQjBlaHF6ZXJ1REZuTEVwakl2S05kYkpGRjdxSFdCR0lFUXdMMjBrWlV4V0xBbHhOM25WWXJ2ZlN5c1ZlNkdsR3pTUFR6TmRjLWxQcU85RkJHMjcyNk1NVEJZSU1TQjlTZDY2U0h5UnFCSU85aG5FWURydzJweHhNM3ZJMUZCWFNxUkVKV25xeFdXME1HMlhJQmxHVi1yc3NkcU5wU0x3Q2ZJcXRlTlRfTW5qWGlGdmtEUkFqbmhTQ1o0Wk9hUnJJcU85djJjTEhaZw?oc=5\" target=\"_blank\" rel=\"noopener\">Affaire Epstein : les complotistes de la galaxie Maga se sentent trahis par Donald Trump<\/a>&nbsp;&nbsp;Mediapart<\/li>\n<li><a href=\"https:\/\/news.google.com\/rss\/articles\/CBMi0gFBVV95cUxQMjV3SWt6T3pneWJ6UncwOUlTdFpiYXUybG40RGE2LXUzbDgyYWFTdm9OZ25qa05zVGtFU0MzT0R0YWEwYlhQaGg0U3lQamdWelRxUzk2c2ZTSlM0ckhUX3AtMkdTZmZlZ190X29wdlEzYzdza2ZMYjgxMnFHMVRXSGZWSUdvTGxmdEt2QklhMzRGYndrNXNYckRDWm9hZzA4RHZQNC05Q0NGSldadGczMzFkZzlXaW04MG13aEs5bXpTdW9uZ0V0Ri0ycHlpMEVpbWc?oc=5\" target=\"_blank\" rel=\"noopener\">Affaire Epstein : en confirmant la th\u00e8se officielle, Donald Trump provoque l\u2019ire de ses fans<\/a>&nbsp;&nbsp;Le Figaro<\/li>\n<li><a href=\"https:\/\/news.google.com\/rss\/articles\/CBMi8AFBVV95cUxObU1GcVRCT25JVHNJMlljN0l5TmNmaTk1QzQ5cnJIQjI2M3RkNVNid09vN2lUWFY0czh0RzBPd3VmOGdQY05aRDZ3dlJnRGFpWkQ4YXc2SUhId1djX2N1d1A0RWlEcmxSNERqQTdqeW9hcmNLUWxhUHpXZEtaSXJzckprcEdlV1VCVk9LTjU4d2RGS2FJbmU0Zy1WdjV3MTdNTlBCdzZTaTVseTJycXNYX2JzU1JXM1B1NTBYRGYxZ1JhcjNWaHZOZ0dORzNRWGJfWDJ1WW1LdlpxbDJncUI5RUp4Zms2a3hVeGViQ3JSS0Y?oc=5\" target=\"_blank\" rel=\"noopener\">Crise au FBI : Le directeur adjoint Dan Bongino envisage de d\u00e9missionner en raison du dossier Epstein<\/a>&nbsp;&nbsp;i24NEWS<\/li>\n<li><a href=\"https:\/\/news.google.com\/rss\/articles\/CBMirgFBVV95cUxOQThza0NNLXN4T0ZTdVc2dFk5cWNKdGoxMHdCQUcydjUyMVlaRzdUTlUzQWhRX2k5cERVNjlPWGJlb1RWcU93TE0zcnlvZ25KMkJvdk5mc3pIWlhvdGx4MGd2YXV2d2NIX29yek84YmF0aktXYnRiVU9Wb1VhODFrQm0yclEwVXpwdTZXWEFkVkwxaUpQVi1ldUdVZkhhN0dZWmhKUkNBMUZyUG9iOGfSAbMBQVVfeXFMT1lNNXNGbEJmSGg1MFkwUlV6MHVSa09CNWYtZi1ZSjJ0Q1BBX1pHQ0UxeGhfZzl6ZmFNMmlWNjFrdTlvaDIyaTItNU1jMnVQSGdnYWN0NEN0YkRONGpmZlJpT1ljZTc0QXlEcDVVQmtXN2VFYkg0TU5SdVJycmxOM1c4bm8tTWhSeHZNSzNlVjJFMmdmQlNhcjRhTnA4Nnpmb2lyVkpNU1pIRkt5YVlnVkxvWVk?oc=5\" target=\"_blank\" rel=\"noopener\">Jeffrey Epstein : son dernier message avant de mourir a \u00e9t\u00e9 d\u00e9voil\u00e9<\/a>&nbsp;&nbsp;CNews<\/li>\n<li><a href=\"https:\/\/news.google.com\/rss\/articles\/CBMitwFBVV95cUxPMjREUTJkVWJqc1prTVJTcUpjMFJkc25KQTlpNmw0cEUxUHRqd1p3Z1ZacEFtdmUzNG45LXdwRG14bDhGUFBvbDlMenM4NjlxdmwtTV9FdUdvS1l0UWY0VWVMeFNtNmZ1YjZ6b0pKUEl5SjBlM3JxTWRMQ2pMMVEtRUMxc3JmNEtpN2p5a20tSVBxQzRUVGNEZVY1RE9DSUtsejl2eGY2VDJaNDJobUtxVmpqRzBYejA?oc=5\" target=\"_blank\" rel=\"noopener\">Affaire Epstein : Donald Trump fait face \u00e0 la col\u00e8re des figures \u00ab\u00a0MAGA\u00a0\u00bb<\/a>&nbsp;&nbsp;RTL.fr<\/li>\n<\/ol>\n","protected":false},"excerpt":{"rendered":"Affaire Epstein : les complotistes de la galaxie Maga se sentent trahis par Donald Trump&nbsp;&nbsp;Mediapart Affaire Epstein :&hellip;\n","protected":false},"author":2,"featured_media":245566,"comment_status":"","ping_status":"","sticky":false,"template":"","format":"standard","meta":{"footnotes":""},"categories":[5],"tags":[11,782,75,73,1011,27,14,28790,12,28],"class_list":{"0":"post-245565","1":"post","2":"type-post","3":"status-publish","4":"format-standard","5":"has-post-thumbnail","7":"category-international","8":"tag-actualites","9":"tag-ameriques","10":"tag-donald-trump","11":"tag-etats-unis","12":"tag-fr","13":"tag-france","14":"tag-international","15":"tag-jeffrey-epstein","16":"tag-news","17":"tag-world"},"share_on_mastodon":{"url":"https:\/\/pubeurope.com\/@fr\/114841839723810485","error":""},"_links":{"self":[{"href":"https:\/\/www.europesays.com\/fr\/wp-json\/wp\/v2\/posts\/245565","targetHints":{"allow":["GET"]}}],"collection":[{"href":"https:\/\/www.europesays.com\/fr\/wp-json\/wp\/v2\/posts"}],"about":[{"href":"https:\/\/www.europesays.com\/fr\/wp-json\/wp\/v2\/types\/post"}],"author":[{"embeddable":true,"href":"https:\/\/www.europesays.com\/fr\/wp-json\/wp\/v2\/users\/2"}],"replies":[{"embeddable":true,"href":"https:\/\/www.europesays.com\/fr\/wp-json\/wp\/v2\/comments?post=245565"}],"version-history":[{"count":0,"href":"https:\/\/www.europesays.com\/fr\/wp-json\/wp\/v2\/posts\/245565\/revisions"}],"wp:featuredmedia":[{"embeddable":true,"href":"https:\/\/www.europesays.com\/fr\/wp-json\/wp\/v2\/media\/245566"}],"wp:attachment":[{"href":"https:\/\/www.europesays.com\/fr\/wp-json\/wp\/v2\/media?parent=245565"}],"wp:term":[{"taxonomy":"category","embeddable":true,"href":"https:\/\/www.europesays.com\/fr\/wp-json\/wp\/v2\/categories?post=245565"},{"taxonomy":"post_tag","embeddable":true,"href":"https:\/\/www.europesays.com\/fr\/wp-json\/wp\/v2\/tags?post=245565"}],"curies":[{"name":"wp","href":"https:\/\/api.w.org\/{rel}","templated":true}]}}