{"id":245567,"date":"2025-07-12T19:09:17","date_gmt":"2025-07-12T19:09:17","guid":{"rendered":"https:\/\/www.europesays.com\/fr\/245567\/"},"modified":"2025-07-12T19:09:17","modified_gmt":"2025-07-12T19:09:17","slug":"on-ne-tolerera-rien-bruno-retailleau-met-en-garde-les-barbares-a-la-veille-de-chelsea-psg","status":"publish","type":"post","link":"https:\/\/www.europesays.com\/fr\/245567\/","title":{"rendered":"\u00ab\u00a0On ne tol\u00e9rera rien\u00a0\u00bb\u00a0: Bruno Retailleau met en garde \u00ab\u00a0les barbares\u00a0\u00bb \u00e0 la veille de Chelsea-PSG"},"content":{"rendered":"<p class=\"paragraph text_align_left lp-f-body-02\">Un mois et demi apr\u00e8s le sacre du <a href=\"https:\/\/www.leparisien.fr\/sports\/football\/psg\/\" target=\"_blank\" rel=\"noopener\">Paris Saint-Germain<\/a> en Ligue des champions, qui avait donn\u00e9 lieu \u00e0 <a href=\"https:\/\/www.leparisien.fr\/sports\/football\/ligue-des-champions\/euphorie-debordements-et-demande-en-mariage-a-paris-recit-dune-nuit-de-folie-apres-le-sacre-du-psg-01-06-2025-UKLNW4WTNJDKRO32HKINCRGTYQ.php\" target=\"_blank\" rel=\"noreferrer noopener\">une nuit de d\u00e9bordements et de drames<\/a> \u00e0 Paris et ailleurs en France, <a href=\"https:\/\/www.leparisien.fr\/politique\/chelsea-psg-un-dimanche-soir-a-haut-risque-pour-bruno-retailleau-11-07-2025-NSIVA2Q6DVEITDFGAVOMEHVMLI.php\" target=\"_blank\" rel=\"noreferrer noopener\">Bruno Retailleau<\/a> adresse une mise en garde avant la <a href=\"https:\/\/www.leparisien.fr\/sports\/football\/coupe-du-monde-des-clubs\/\" target=\"_blank\" rel=\"noreferrer noopener\">finale de la Coupe du monde des clubs<\/a> du PSG, dimanche soir, face \u00e0 Chelsea.<\/p>\n<p class=\"paragraph text_align_left lp-f-body-02\">Mais qu\u2019importe l\u2019issue du match, le ministre de l\u2019Int\u00e9rieur a redoubl\u00e9 de prudence au moment de mettre sur pied un dispositif exceptionnel pour encadrer d\u2019\u00e9ventuels d\u00e9bordements dans la capitale. \u00ab <a href=\"https:\/\/www.leparisien.fr\/faits-divers\/psg-et-14-juillet-les-autorites-en-alerte-pour-un-week-end-de-festivites-sous-haute-surveillance-on-reste-sur-nos-gardes-11-07-2025-3DI2QS6E7BCORLNXE6LK3DBFVI.php\" target=\"_blank\" rel=\"noreferrer noopener\">Il y a une conjonction de deux \u00e9v\u00e9nements<\/a> : la finale PSG-Chelsea \u00e0 New York et la veille du 14 juillet, o\u00f9 on sait qu\u2019il y a tous les ans des perturbateurs qui viennent casser et piller, donc on a un tr\u00e8s gros dispositif \u00bb, a-t-il affirm\u00e9 en marge de la <a href=\"https:\/\/www.leparisien.fr\/sports\/cyclisme\/tour-de-france\/tour-de-france-la-video-de-la-victoire-de-jonathan-milan-au-sprint-a-laval-12-07-2025-THAWZQFLWBA4TDIR6DWCPTJJIE.php\" target=\"_blank\" rel=\"noreferrer noopener\">8e \u00e9tape<\/a> du <a href=\"https:\/\/www.leparisien.fr\/sports\/cyclisme\/tour-de-france\/\" target=\"_blank\" rel=\"noreferrer noopener\">Tour de France<\/a>.<\/p>\n<p class=\"paragraph text_align_left lp-f-body-02\">\u00ab Le pr\u00e9fet de police s\u2019est exprim\u00e9 : <a href=\"https:\/\/www.leparisien.fr\/paris-75\/chelsea-psg-aucun-rassemblement-sur-les-champs-elysees-ne-sera-tolere-dimanche-previent-le-prefet-de-police-11-07-2025-IVJ2E6IBHRFNRACNH6HBLH54PU.php\" target=\"_blank\" rel=\"noreferrer noopener\">aucun rassemblement ne sera tol\u00e9r\u00e9 sur les Champs \u00c9lys\u00e9es<\/a>, a-t-il d\u00e9velopp\u00e9. Nous allons mobiliser 11 500 policiers et gendarmes (\u00e0 Paris) pour le week-end. Dans la France enti\u00e8re, \u00e0 Paris et en province, on va devoir s\u00e9curiser \u00e9norm\u00e9ment d\u2019\u00e9v\u00e9nements. Ce n\u2019est pas moins de 53 000 policiers et gendarmes qui vont \u00eatre mobilis\u00e9s demain (dans toute la France), 65 000 pour le 14 juillet. Ce sont des dispositifs extr\u00eamement massifs. \u00bb<\/p>\n<p class=\"paragraph text_align_left lp-f-body-02\">\u00ab Les policiers et les gendarmes ont une consigne : ne rien tol\u00e9rer, explique encore le ministre de l\u2019Int\u00e9rieur. Faire en sorte que ceux qui viennent utiliser ce pr\u00e9texte pour d\u00e9ployer leur violence, ceux que j\u2019ai appel\u00e9s les barbares, en soient emp\u00each\u00e9s. C\u2019est compliqu\u00e9, car il y a de la d\u00e9termination, mais on aura un niveau de force cons\u00e9quent et on ne tol\u00e9rera rien. \u00bb<\/p>\n","protected":false},"excerpt":{"rendered":"Un mois et demi apr\u00e8s le sacre du Paris Saint-Germain en Ligue des champions, qui avait donn\u00e9 lieu&hellip;\n","protected":false},"author":2,"featured_media":245568,"comment_status":"","ping_status":"","sticky":false,"template":"","format":"standard","meta":{"footnotes":""},"categories":[4],"tags":[11,7151,118,63,1011,27,12,25,60],"class_list":{"0":"post-245567","1":"post","2":"type-post","3":"status-publish","4":"format-standard","5":"has-post-thumbnail","7":"category-france","8":"tag-actualites","9":"tag-coupe-du-monde-des-clubs","10":"tag-faits-divers","11":"tag-football","12":"tag-fr","13":"tag-france","14":"tag-news","15":"tag-republique-francaise","16":"tag-sports"},"share_on_mastodon":{"url":"https:\/\/pubeurope.com\/@fr\/114841843412613658","error":""},"_links":{"self":[{"href":"https:\/\/www.europesays.com\/fr\/wp-json\/wp\/v2\/posts\/245567","targetHints":{"allow":["GET"]}}],"collection":[{"href":"https:\/\/www.europesays.com\/fr\/wp-json\/wp\/v2\/posts"}],"about":[{"href":"https:\/\/www.europesays.com\/fr\/wp-json\/wp\/v2\/types\/post"}],"author":[{"embeddable":true,"href":"https:\/\/www.europesays.com\/fr\/wp-json\/wp\/v2\/users\/2"}],"replies":[{"embeddable":true,"href":"https:\/\/www.europesays.com\/fr\/wp-json\/wp\/v2\/comments?post=245567"}],"version-history":[{"count":0,"href":"https:\/\/www.europesays.com\/fr\/wp-json\/wp\/v2\/posts\/245567\/revisions"}],"wp:featuredmedia":[{"embeddable":true,"href":"https:\/\/www.europesays.com\/fr\/wp-json\/wp\/v2\/media\/245568"}],"wp:attachment":[{"href":"https:\/\/www.europesays.com\/fr\/wp-json\/wp\/v2\/media?parent=245567"}],"wp:term":[{"taxonomy":"category","embeddable":true,"href":"https:\/\/www.europesays.com\/fr\/wp-json\/wp\/v2\/categories?post=245567"},{"taxonomy":"post_tag","embeddable":true,"href":"https:\/\/www.europesays.com\/fr\/wp-json\/wp\/v2\/tags?post=245567"}],"curies":[{"name":"wp","href":"https:\/\/api.w.org\/{rel}","templated":true}]}}