{"id":245571,"date":"2025-07-12T19:11:11","date_gmt":"2025-07-12T19:11:11","guid":{"rendered":"https:\/\/www.europesays.com\/fr\/245571\/"},"modified":"2025-07-12T19:11:11","modified_gmt":"2025-07-12T19:11:11","slug":"les-cloutiers-ces-premiers-metallurgistes-de-firminy","status":"publish","type":"post","link":"https:\/\/www.europesays.com\/fr\/245571\/","title":{"rendered":"les cloutiers, ces premiers m\u00e9tallurgistes de Firminy"},"content":{"rendered":"<p>Si la clouterie a \u00e9t\u00e9 une activit\u00e9 importante \u00e0 Firminy, elle a disparu depuis longtemps. Jusqu\u2019\u00e0 la Premi\u00e8re Guerre mondiale, existait \u00e0 proximit\u00e9 de la rue du Colonel-Riez une rue dite \u00ab\u00a0de la Clouterie\u00a0\u00bb. Elle fut englob\u00e9e, par la suite, dans le p\u00e9rim\u00e8tre des Aci\u00e9ries et d\u00e9truite.<\/p>\n<p>Cette activit\u00e9 restait limit\u00e9e \u00e0 un secteur relativement restreint comprenant les communes qui composent l\u2019actuel canton de Firminy ainsi qu\u2019Aurec et Saint-Ferr\u00e9ol.<\/p>\n<p>Sur les plateaux du Velay, la main-d\u2019\u0153uvre s\u2019adonnait de pr\u00e9f\u00e9rence \u00e0 la passementerie, Saint-Maurice-en-Gourgois avait opt\u00e9 pour la serrurerie et le secteur du Chambon-Feugerolles taillait les limes et piquait les r\u00e2pes.<\/p>\n<p>La&#8230;                        <\/p>\n","protected":false},"excerpt":{"rendered":"Si la clouterie a \u00e9t\u00e9 une activit\u00e9 importante \u00e0 Firminy, elle a disparu depuis longtemps. Jusqu\u2019\u00e0 la Premi\u00e8re&hellip;\n","protected":false},"author":2,"featured_media":245572,"comment_status":"","ping_status":"","sticky":false,"template":"","format":"standard","meta":{"footnotes":""},"categories":[9653],"tags":[1111,11,2430,7539,1777,674,10282,10283,1011,27,937,12,25,4001,104],"class_list":{"0":"post-245571","1":"post","2":"type-post","3":"status-publish","4":"format-standard","5":"has-post-thumbnail","7":"category-saint-etienne","8":"tag-actu","9":"tag-actualites","10":"tag-auvergne-rhone-alpes","11":"tag-edition-loire-sud","12":"tag-eu","13":"tag-europe","14":"tag-firminy","15":"tag-firminy-ville","16":"tag-fr","17":"tag-france","18":"tag-histoire","19":"tag-news","20":"tag-republique-francaise","21":"tag-saint-etienne","22":"tag-societe"},"share_on_mastodon":{"url":"https:\/\/pubeurope.com\/@fr\/114841851222479431","error":""},"_links":{"self":[{"href":"https:\/\/www.europesays.com\/fr\/wp-json\/wp\/v2\/posts\/245571","targetHints":{"allow":["GET"]}}],"collection":[{"href":"https:\/\/www.europesays.com\/fr\/wp-json\/wp\/v2\/posts"}],"about":[{"href":"https:\/\/www.europesays.com\/fr\/wp-json\/wp\/v2\/types\/post"}],"author":[{"embeddable":true,"href":"https:\/\/www.europesays.com\/fr\/wp-json\/wp\/v2\/users\/2"}],"replies":[{"embeddable":true,"href":"https:\/\/www.europesays.com\/fr\/wp-json\/wp\/v2\/comments?post=245571"}],"version-history":[{"count":0,"href":"https:\/\/www.europesays.com\/fr\/wp-json\/wp\/v2\/posts\/245571\/revisions"}],"wp:featuredmedia":[{"embeddable":true,"href":"https:\/\/www.europesays.com\/fr\/wp-json\/wp\/v2\/media\/245572"}],"wp:attachment":[{"href":"https:\/\/www.europesays.com\/fr\/wp-json\/wp\/v2\/media?parent=245571"}],"wp:term":[{"taxonomy":"category","embeddable":true,"href":"https:\/\/www.europesays.com\/fr\/wp-json\/wp\/v2\/categories?post=245571"},{"taxonomy":"post_tag","embeddable":true,"href":"https:\/\/www.europesays.com\/fr\/wp-json\/wp\/v2\/tags?post=245571"}],"curies":[{"name":"wp","href":"https:\/\/api.w.org\/{rel}","templated":true}]}}