{"id":245573,"date":"2025-07-12T19:12:17","date_gmt":"2025-07-12T19:12:17","guid":{"rendered":"https:\/\/www.europesays.com\/fr\/245573\/"},"modified":"2025-07-12T19:12:17","modified_gmt":"2025-07-12T19:12:17","slug":"match-amical-asse-un-succes-face-a-troyes-une-inquietude-pour-maxime-bernauer","status":"publish","type":"post","link":"https:\/\/www.europesays.com\/fr\/245573\/","title":{"rendered":"Match amical. ASSE : un succ\u00e8s face \u00e0 Troyes, une inqui\u00e9tude pour Maxime Bernauer"},"content":{"rendered":"<p class=\"insetTitle\">La fiche technique<\/p>\n<p>            ASSE 1 \u2013 Troyes 0<\/p>\n<p><strong>A Saint-Etienne (Stade Geoffroy-Guichard)<\/strong>, mi-temps\u00a0: 0-0.<\/p>\n<p><strong>But\u00a0:<\/strong> Old (64e).<\/p>\n<p><strong>ASSE\u00a0:<\/strong> Larsonneur (Maubleu, 45e), Appiah (Ma\u00e7on, , Bernauer (Dodote, 73e), Owusu (Nad\u00e9, 45e), Makhloufi (Traor\u00e9, 45e), Tardieu (Mouton, 77e), Jaber (Eymard, 69e), Miladinovic (Fomba, 45e), Boakye (El Jamali, 45e) , Old, Cardona (Gadegbeku, 69e).<\/p>\n","protected":false},"excerpt":{"rendered":"La fiche technique ASSE 1 \u2013 Troyes 0 A Saint-Etienne (Stade Geoffroy-Guichard), mi-temps\u00a0: 0-0. But\u00a0: Old (64e). ASSE\u00a0:&hellip;\n","protected":false},"author":2,"featured_media":245574,"comment_status":"","ping_status":"","sticky":false,"template":"","format":"standard","meta":{"footnotes":""},"categories":[9653],"tags":[1111,11,7002,28022,9443,2430,7001,1777,674,1701,63,1011,27,12636,3367,12,25,4001,517],"class_list":{"0":"post-245573","1":"post","2":"type-post","3":"status-publish","4":"format-standard","5":"has-post-thumbnail","7":"category-saint-etienne","8":"tag-actu","9":"tag-actualites","10":"tag-aix-les-bains","11":"tag-aix-les-bains-bassin","12":"tag-asse-as-saint-etienne","13":"tag-auvergne-rhone-alpes","14":"tag-edition-chambery-aix-les-bains","15":"tag-eu","16":"tag-europe","17":"tag-fil-info-sport","18":"tag-football","19":"tag-fr","20":"tag-france","21":"tag-ligue-2-football","22":"tag-loire","23":"tag-news","24":"tag-republique-francaise","25":"tag-saint-etienne","26":"tag-sport"},"share_on_mastodon":{"url":"https:\/\/pubeurope.com\/@fr\/114841855093219697","error":""},"_links":{"self":[{"href":"https:\/\/www.europesays.com\/fr\/wp-json\/wp\/v2\/posts\/245573","targetHints":{"allow":["GET"]}}],"collection":[{"href":"https:\/\/www.europesays.com\/fr\/wp-json\/wp\/v2\/posts"}],"about":[{"href":"https:\/\/www.europesays.com\/fr\/wp-json\/wp\/v2\/types\/post"}],"author":[{"embeddable":true,"href":"https:\/\/www.europesays.com\/fr\/wp-json\/wp\/v2\/users\/2"}],"replies":[{"embeddable":true,"href":"https:\/\/www.europesays.com\/fr\/wp-json\/wp\/v2\/comments?post=245573"}],"version-history":[{"count":0,"href":"https:\/\/www.europesays.com\/fr\/wp-json\/wp\/v2\/posts\/245573\/revisions"}],"wp:featuredmedia":[{"embeddable":true,"href":"https:\/\/www.europesays.com\/fr\/wp-json\/wp\/v2\/media\/245574"}],"wp:attachment":[{"href":"https:\/\/www.europesays.com\/fr\/wp-json\/wp\/v2\/media?parent=245573"}],"wp:term":[{"taxonomy":"category","embeddable":true,"href":"https:\/\/www.europesays.com\/fr\/wp-json\/wp\/v2\/categories?post=245573"},{"taxonomy":"post_tag","embeddable":true,"href":"https:\/\/www.europesays.com\/fr\/wp-json\/wp\/v2\/tags?post=245573"}],"curies":[{"name":"wp","href":"https:\/\/api.w.org\/{rel}","templated":true}]}}