{"id":245575,"date":"2025-07-12T19:13:29","date_gmt":"2025-07-12T19:13:29","guid":{"rendered":"https:\/\/www.europesays.com\/fr\/245575\/"},"modified":"2025-07-12T19:13:29","modified_gmt":"2025-07-12T19:13:29","slug":"devant-nancy-mariage-matthieu-et-marie","status":"publish","type":"post","link":"https:\/\/www.europesays.com\/fr\/245575\/","title":{"rendered":"devant-Nancy | Mariage. Matthieu et Marie"},"content":{"rendered":"<p>Ce samedi apr\u00e8s-midi 12\u00a0juillet, Alain Boulanger, assist\u00e9 d\u2019Herv\u00e9 Alt, adjoint, a uni par les liens du mariage Matthieu Normand et Marie Sirvent, tous deux ing\u00e9nieurs de logiciels.<\/p>\n<p>Les jeunes mari\u00e9s sont domicili\u00e9s \u00e0 l\u2019Or\u00e9e du Bois, \u00e0 Fl\u00e9ville, et sont parents d\u2019une petite Sophie. La c\u00e9r\u00e9monie s\u2019est d\u00e9roul\u00e9e en pr\u00e9sence de leurs familles et amis.<\/p>\n<p>Nos v\u0153ux de bonheur.<\/p>\n","protected":false},"excerpt":{"rendered":"Ce samedi apr\u00e8s-midi 12\u00a0juillet, Alain Boulanger, assist\u00e9 d\u2019Herv\u00e9 Alt, adjoint, a uni par les liens du mariage Matthieu&hellip;\n","protected":false},"author":2,"featured_media":245576,"comment_status":"","ping_status":"","sticky":false,"template":"","format":"standard","meta":{"footnotes":""},"categories":[9635],"tags":[1111,11,9223,1704,1777,674,9650,1011,27,775,1930,9649,1702,12,25,104],"class_list":{"0":"post-245575","1":"post","2":"type-post","3":"status-publish","4":"format-standard","5":"has-post-thumbnail","7":"category-nancy","8":"tag-actu","9":"tag-actualites","10":"tag-carnet-du-jour","11":"tag-edition-nancy-et-agglomeration","12":"tag-eu","13":"tag-europe","14":"tag-fleville-devant-nancy","15":"tag-fr","16":"tag-france","17":"tag-grand-est","18":"tag-mariage","19":"tag-metropole-du-grand-nancy-54b2","20":"tag-nancy","21":"tag-news","22":"tag-republique-francaise","23":"tag-societe"},"share_on_mastodon":{"url":"https:\/\/pubeurope.com\/@fr\/114841859070992221","error":""},"_links":{"self":[{"href":"https:\/\/www.europesays.com\/fr\/wp-json\/wp\/v2\/posts\/245575","targetHints":{"allow":["GET"]}}],"collection":[{"href":"https:\/\/www.europesays.com\/fr\/wp-json\/wp\/v2\/posts"}],"about":[{"href":"https:\/\/www.europesays.com\/fr\/wp-json\/wp\/v2\/types\/post"}],"author":[{"embeddable":true,"href":"https:\/\/www.europesays.com\/fr\/wp-json\/wp\/v2\/users\/2"}],"replies":[{"embeddable":true,"href":"https:\/\/www.europesays.com\/fr\/wp-json\/wp\/v2\/comments?post=245575"}],"version-history":[{"count":0,"href":"https:\/\/www.europesays.com\/fr\/wp-json\/wp\/v2\/posts\/245575\/revisions"}],"wp:featuredmedia":[{"embeddable":true,"href":"https:\/\/www.europesays.com\/fr\/wp-json\/wp\/v2\/media\/245576"}],"wp:attachment":[{"href":"https:\/\/www.europesays.com\/fr\/wp-json\/wp\/v2\/media?parent=245575"}],"wp:term":[{"taxonomy":"category","embeddable":true,"href":"https:\/\/www.europesays.com\/fr\/wp-json\/wp\/v2\/categories?post=245575"},{"taxonomy":"post_tag","embeddable":true,"href":"https:\/\/www.europesays.com\/fr\/wp-json\/wp\/v2\/tags?post=245575"}],"curies":[{"name":"wp","href":"https:\/\/api.w.org\/{rel}","templated":true}]}}