{"id":245587,"date":"2025-07-12T19:26:11","date_gmt":"2025-07-12T19:26:11","guid":{"rendered":"https:\/\/www.europesays.com\/fr\/245587\/"},"modified":"2025-07-12T19:26:11","modified_gmt":"2025-07-12T19:26:11","slug":"dans-cette-ville-au-nord-de-rennes-une-foule-en-ebullition-la-pub-tv-au-mauvais-moment","status":"publish","type":"post","link":"https:\/\/www.europesays.com\/fr\/245587\/","title":{"rendered":"dans cette ville au nord de Rennes, une foule en \u00e9bullition, la pub TV au mauvais moment"},"content":{"rendered":"<p>            Par<br \/>\n        <strong><br \/>\n            <a href=\"https:\/\/actu.fr\/auteur\/brian-legoff\" title=\"Consulter tous les articles de Brian Le Goff\" rel=\"nofollow noopener\" target=\"_blank\">Brian Le Goff<\/a><br \/>\n        <\/strong><\/p>\n<p>        Publi\u00e9 le<\/p>\n<p>            12 juil. 2025 \u00e0 21h02        <\/p>\n<p><strong>Des mois de pr\u00e9paration,<\/strong> des heures d\u2019attente sous un soleil br\u00fblant et une chaleur accablante pour <strong>quelques secondes d\u2019euphorie, de joie partag\u00e9e<\/strong>. C\u2019est en partie comme cela que se r\u00e9sume le <a href=\"https:\/\/actu.fr\/tag\/tour-de-france-2025\" rel=\"nofollow noopener\" target=\"_blank\">Tour de France<\/a> pour les habitants des communes travers\u00e9es. Ce samedi 12\u00a0juillet, lors de la 8\u1d49 \u00e9tape,<strong> Chevaign\u00e9,<\/strong> situ\u00e9e au nord de <a href=\"https:\/\/actu.fr\/rennes\/\" rel=\"nofollow noopener\" target=\"_blank\">Rennes<\/a>, avait mis les petits plats dans les grands pour accueillir les coureurs. <strong>Comit\u00e9 des f\u00eates, association et club de v\u00e9lo \u00e9taient sur le pont<\/strong> depuis des semaines pour le jour-J. Si l\u2019installation remarquable dans un champ, \u00e0 l\u2019entr\u00e9e du village, cr\u00e9\u00e9e pour \u00eatre film\u00e9e par un h\u00e9licopt\u00e8re est bien pass\u00e9e \u00e0 la t\u00e9l\u00e9vision, la diffusion a \u00e9t\u00e9 coup\u00e9e juste apr\u00e8s par la publicit\u00e9\u2026 Et cela fait aussi partie des surprises de la Grande Boucle. On vous fait revivre notre journ\u00e9e dans ce petit village breton qui a (enfin) retrouv\u00e9 la ferveur du Tour de France.<\/p>\n<p>\u00ab\u2009C\u2019est pour l\u2019h\u00e9lico\u2009\u00bb<\/p>\n<p class=\" wall-content\">Il est pr\u00e8s de midi, ce samedi, quand nous arrivons <strong>rue du Jeu de F\u00eate<\/strong> \u00e0 Chevaign\u00e9. Pas dur de le savoir, le <strong>nom de la voie,<\/strong> donnant directement sur la place du centre-ville, est dessin\u00e9e en <strong>lettres g\u00e9antes au sol<\/strong>. \u00ab\u2009C\u2019est pour l\u2019h\u00e9lico\u2009\u00bb, explique une membre active de l\u2019organisation des festivit\u00e9s.<\/p>\n<p class=\" wall-content\">Une fois que l\u2019on a march\u00e9 dessus, on entre dans le vif des animations pr\u00e9vues pour cet \u00e9v\u00e9nement sp\u00e9cial. Des centaines de <strong>personnes<\/strong>, parfois <strong>avec un maillot, une casquette, des lunettes<\/strong> faisant r\u00e9f\u00e9rence au cyclisme, aux coureurs ou \u00e0 la caravane du Tour, sont d\u00e9j\u00e0 pr\u00e9sents.<\/p>\n<p>La f\u00eate au village<\/p>\n<p class=\" wall-content\">Sous les barnums blancs install\u00e9s, ils profitent du tr\u00e8s beau temps pour siroter une boisson en attendant la caravane.<\/p>\n<p class=\" wall-content\">Le barbecue o\u00f9 sont grill\u00e9es les saucisses tourne \u00e0 plein r\u00e9gime, les files d\u2019attente devant les stands s\u2019allongent. Les sourires illuminent les visages. Les regards se d\u00e9tournent r\u00e9guli\u00e8rement vers <strong>l\u2019\u00e9cran g\u00e9ant<\/strong> sur lequel la diffusion de l\u2019\u00e9mission d\u2019avant-course a d\u00e9but\u00e9.<\/p>\n<p>Une fresque avec un message<\/p>\n<p class=\" wall-content\">Toujours sur cette place centrale, un autre barnum est d\u00e9di\u00e9 \u00e0 la vente de <strong>v\u00e9los recycl\u00e9s.<\/strong> \u00ab\u2009On en a <strong>r\u00e9cup\u00e9r\u00e9 pr\u00e8s de 150<\/strong> aupr\u00e8s des d\u00e9ch\u00e8teries de Rennes M\u00e9tropole, explique Beno\u00eet, membre du club Canal Riders. Avec une soixantaine d\u2019entre eux, on a<strong> cr\u00e9\u00e9 une fresque dans un champ<\/strong> \u00e0 l\u2019entr\u00e9e du village pour parler justement du recyclage de ces deux-roues.\u2009\u00bb<\/p>\n<p class=\" wall-content\">On lui propose de nous y emmener. <strong>C\u2019est \u00e0 800\u00a0m\u00e8tres.<\/strong> Sur tout le trajet, les trottoirs de chaque c\u00f4t\u00e9 sont blind\u00e9s. Le <strong>peloton<\/strong> ne passera au mieux que <strong>dans deux heures et quart<\/strong>. Mais tous ont en t\u00eate le passage de la <strong>caravane<\/strong> qui a lieu deux heures avant les coureurs, soit d\u2019ici <strong>quelques\u00a0minutes<\/strong>.<\/p>\n<p class=\" wall-content\"><strong>Chaises pliantes, parasols, lunettes de soleil\u2026<\/strong> La majorit\u00e9 tente de se prot\u00e9ger comme elle peut du soleil et de la chaleur. Le<strong> Gwenn ha du (drapeau breton)<\/strong> est bien s\u00fbr continuellement plant\u00e9 de chaque c\u00f4t\u00e9 de la route. On arrive en bas du village, pr\u00e8s du canal d\u2019Ille-et-Rance. Vue du sol, la fresque g\u00e9ante ne donne forc\u00e9ment pas grand-chose, mais Beno\u00eet sait que ce sera l\u2019image que l\u2019on retiendra du passage du Tour \u00e0 Chevaign\u00e9.<strong> \u00ab\u2009C\u2019est un v\u00e9lo g\u00e9ant.\u2009\u00bb<\/strong><\/p>\n<p>\u00ab\u2009On ne sacrifie rien du tout parce qu\u2019on adore \u00e7a\u2009\u00bb<\/p>\n<p class=\" wall-content\">\u00c0 l\u2019entr\u00e9e du village, plusieurs<strong> dizaines de camping-cars<\/strong> ont pris place <strong>en bordure de champ<\/strong> ou du cours d\u2019eau. C\u2019est le cas d\u2019<strong>Yves, accord\u00e9on dans les mains,<\/strong> venu avec toute sa famille.<\/p>\n<blockquote class=\"ac-article-quote wall-content\">\n<p>C&rsquo;est incontournable d&rsquo;\u00eatre l\u00e0. Quand le Tour passe \u00e0 proximit\u00e9 de chez nous, surtout en Bretagne et surtout en Ille-et-Vilaine, et bien, on ne sacrifie rien du tout parce qu&rsquo;on adore \u00e7a. On am\u00e8ne les enfants, on am\u00e8ne tout le monde et on fait la f\u00eate.<\/p>\n<p>    <strong>Yves<\/strong><br \/>\n        Spectateur du Tour de France    <\/p><\/blockquote>\n<p class=\" wall-content\">Alors que les premiers v\u00e9hicules de la caravane d\u00e9barquent, sur le chemin du retour vers le centre de Chevaign\u00e9, nous croisons de nombreuses personnes avec <strong>tout type de cibles<\/strong>.<\/p>\n<p>Des cibles \u00e0 viser par les b\u00e9n\u00e9voles de la caravane<\/p>\n<p class=\" wall-content\">C\u2019est le cas de <strong>Valentin, 12\u00a0ans,<\/strong> qui a adapt\u00e9 sa cible pour la porter sur ses \u00e9paules. \u00ab\u2009En fait, ce n\u2019est pas pour les cyclistes, mais pour les camions publicitaires afin de <strong>r\u00e9colter les cadeaux qu\u2019ils lancent<\/strong>. On est un peu venu aussi pour \u00e7a. C\u2019est ma tata qui m\u2019a donn\u00e9 l\u2019id\u00e9e\u2009\u00bb, lance-t-il en m\u00eame temps que de nouveaux v\u00e9hicules de la caravane passent.<\/p>\n<p class=\" wall-content\">Apr\u00e8s ce premier coup de chaud, le calme regagne les bords des routes. C\u2019est la pause casse-cro\u00fbte. Les glaci\u00e8res sortent de l\u2019ombre et s\u2019ouvrent. Devant la buvette et les stands de restauration, les files s\u2019allongent toujours plus.<\/p>\n<p class=\" wall-content\">Dans la <strong>petite sup\u00e9rette<\/strong> du village, les<strong> deux caisses<\/strong> <strong>habituellement suffisantes ne permettent pas d\u2019absorber le flux<\/strong> de clients. Les petites all\u00e9es sont pleines. Devant, un coffre cong\u00e9lateur a \u00e9t\u00e9 sorti. \u00ab\u2009Vous voulez une glace\u2009?\u2009\u00bb, propose le vendeur. Ce sera notre petit encas en attendant de voir les queues diminuer.<\/p>\n<p>\u00ab\u2009\u00c7a sent l\u2019approche des coureurs\u2009\u00bb<\/p>\n<p class=\" wall-content\">Pour le spectacle pendant le d\u00e9jeuner, les <strong>premi\u00e8res voitures des \u00e9quipes<\/strong> passent de temps en temps. Petit \u00e0 petit, le nombre de v\u00e9hicules r\u00e9augmente.<\/p>\n<p class=\" wall-content\">Par-ci par-l\u00e0, les <strong>t\u00e9l\u00e9phones sont en main<\/strong>. Les uns <strong>regardent la progression du peloton<\/strong> en leur direction. D\u2019autres <strong>pr\u00e9parent leur angle de cam\u00e9ra<\/strong> pour photographier ou filmer.<\/p>\n<p>\u00ab\u2009Des heures \u00e0 attendre pour m\u00eame pas quelques minutes de plaisir\u2009\u00bb<\/p>\n<p class=\" wall-content\"><strong>Motos t\u00e9l\u00e9, de gendarmerie, les fameuses voitures rouges de la direction g\u00e9n\u00e9rale<\/strong> foncent, puis un <strong>premier h\u00e9licopt\u00e8re<\/strong> appara\u00eet. Quelques secondes plus tard, le <strong>peloton en file indienne<\/strong> s\u2019\u00e9tire dans un virage avec une l\u00e9g\u00e8re mont\u00e9e. Les applaudissements r\u00e9sonnent et les encouragements sont cri\u00e9s de toute part. Trois minutes plus tard, la voiture-balai est d\u00e9j\u00e0 l\u00e0. L\u2019\u00e9tape est plate. Il n\u2019y a pas d\u2019\u00e9chapp\u00e9e.<\/p>\n<p class=\" wall-content\">Pour certains, la boutade est toute trouv\u00e9e\u2009: \u00ab\u2009Des heures \u00e0 attendre pour m\u00eame pas quelques minutes de plaisir\u2026\u2009\u00bb C\u2019est <strong>la force du Tour de France. Rassembler m\u00eame pour quelques instants.<\/strong> Cette fois, les parasols se replient, les glaci\u00e8res sont emport\u00e9es. La plupart des spectateurs s\u2019en vont. Toutefois, une remarque se partage dans un amusement constant\u2009:<\/p>\n<blockquote class=\"ac-article-quote wall-content\">\n<p>Pur\u00e9e, \u00e0 la t\u00e9l\u00e9, le peloton est entr\u00e9 dans la ville et la publicit\u00e9 a \u00e9t\u00e9 lanc\u00e9e. Quel dommage. On esp\u00e8re que l&rsquo;on pourra retrouver le replay.<\/p>\n<p>    <strong>Remarque de nombreux spectateurs \u00e0 Chevaign\u00e9 apr\u00e8s le passage du Tour<\/strong>\n            <\/p><\/blockquote>\n<p class=\" wall-content\">On a v\u00e9rifi\u00e9 justement et cela semble<strong> impossible de retrouver la partie film\u00e9e<\/strong> durant la publicit\u00e9. Qu\u2019\u00e0 cela ne tienne, l\u2019ambiance, la vraie, c\u2019est sur le bord de la route qu\u2019on la vit.<\/p>\n<p class=\" wall-content\">D\u2019ailleurs, il n\u2019y <strong>a pas qu\u2019\u00e0 Chevaign\u00e9 que le monde s\u2019\u00e9tait mobilis\u00e9<\/strong> pour c\u00e9l\u00e9brer les coureurs. De <a href=\"https:\/\/actu.fr\/bretagne\/saint-meen-le-grand_35297\/tour-de-france-2025-qui-etait-louison-bobet-a-qui-l-etape-8-rend-hommage-samedi-12-juillet_62878371.html\" rel=\"nofollow noopener\" target=\"_blank\">Saint-M\u00e9en-le-Grand, ville-d\u00e9part de cette \u00e9tape 8 qui a vu na\u00eetre la l\u00e9gende Louison Bobet,<\/a> \u00e0 Laval, en passant par Romill\u00e9, G\u00e9vez\u00e9, Liffr\u00e9, Vitr\u00e9, vous \u00e9tiez des dizaines, voire des centaines de milliers \u00e0 avoir profit\u00e9 sur le bord de la route de cette deuxi\u00e8me et derni\u00e8re journ\u00e9e du Tour de France en Bretagne.<\/p>\n<p class=\" wall-content\">Suivez toute l\u2019actualit\u00e9 de vos villes et m\u00e9dias favoris en vous inscrivant \u00e0 <a href=\"https:\/\/moncompte.actu.fr\" title=\"D\u00e9couvez Mon Actu\" rel=\"nofollow noopener\" data-trk=\"{&quot;cta&quot;:{&quot;action&quot;:&quot;https:\\\/\\\/moncompte.actu.fr&quot;,&quot;category&quot;:&quot;mon compte&quot;,&quot;from&quot;:&quot;article footer&quot;,&quot;name&quot;:&quot;Mon actu&quot;,&quot;type&quot;:&quot;cta&quot;}}\" target=\"_blank\">Mon Actu<\/a>.<\/p>\n","protected":false},"excerpt":{"rendered":"Par Brian Le Goff Publi\u00e9 le 12 juil. 2025 \u00e0 21h02 Des mois de pr\u00e9paration, des heures d\u2019attente&hellip;\n","protected":false},"author":2,"featured_media":245588,"comment_status":"","ping_status":"","sticky":false,"template":"","format":"standard","meta":{"footnotes":""},"categories":[2821],"tags":[1111,11,829,1777,674,3696,1011,27,12,584,25,210,2116],"class_list":{"0":"post-245587","1":"post","2":"type-post","3":"status-publish","4":"format-standard","5":"has-post-thumbnail","7":"category-rennes","8":"tag-actu","9":"tag-actualites","10":"tag-bretagne","11":"tag-eu","12":"tag-europe","13":"tag-evenements","14":"tag-fr","15":"tag-france","16":"tag-news","17":"tag-rennes","18":"tag-republique-francaise","19":"tag-tour-de-france","20":"tag-tour-de-france-2025"},"share_on_mastodon":{"url":"https:\/\/pubeurope.com\/@fr\/114841910275066042","error":""},"_links":{"self":[{"href":"https:\/\/www.europesays.com\/fr\/wp-json\/wp\/v2\/posts\/245587","targetHints":{"allow":["GET"]}}],"collection":[{"href":"https:\/\/www.europesays.com\/fr\/wp-json\/wp\/v2\/posts"}],"about":[{"href":"https:\/\/www.europesays.com\/fr\/wp-json\/wp\/v2\/types\/post"}],"author":[{"embeddable":true,"href":"https:\/\/www.europesays.com\/fr\/wp-json\/wp\/v2\/users\/2"}],"replies":[{"embeddable":true,"href":"https:\/\/www.europesays.com\/fr\/wp-json\/wp\/v2\/comments?post=245587"}],"version-history":[{"count":0,"href":"https:\/\/www.europesays.com\/fr\/wp-json\/wp\/v2\/posts\/245587\/revisions"}],"wp:featuredmedia":[{"embeddable":true,"href":"https:\/\/www.europesays.com\/fr\/wp-json\/wp\/v2\/media\/245588"}],"wp:attachment":[{"href":"https:\/\/www.europesays.com\/fr\/wp-json\/wp\/v2\/media?parent=245587"}],"wp:term":[{"taxonomy":"category","embeddable":true,"href":"https:\/\/www.europesays.com\/fr\/wp-json\/wp\/v2\/categories?post=245587"},{"taxonomy":"post_tag","embeddable":true,"href":"https:\/\/www.europesays.com\/fr\/wp-json\/wp\/v2\/tags?post=245587"}],"curies":[{"name":"wp","href":"https:\/\/api.w.org\/{rel}","templated":true}]}}