{"id":245592,"date":"2025-07-12T19:29:13","date_gmt":"2025-07-12T19:29:13","guid":{"rendered":"https:\/\/www.europesays.com\/fr\/245592\/"},"modified":"2025-07-12T19:29:13","modified_gmt":"2025-07-12T19:29:13","slug":"alpes-maritimes-un-avion-evite-de-justesse-la-collision-avec-un-appareil-stationne-sur-le-tarmac","status":"publish","type":"post","link":"https:\/\/www.europesays.com\/fr\/245592\/","title":{"rendered":"Alpes-Maritimes. Un avion \u00e9vite de justesse la collision avec un appareil stationn\u00e9 sur le tarmac"},"content":{"rendered":"<p>C&rsquo;est le cauchemar des phobiques en avion. Deux avions qui avaient pr\u00e9vu d&#8217;emprunter la m\u00eame piste sur le tarmac de l&rsquo;a\u00e9roport de Nice (Alpes-Maritimes) ont \u00e9vit\u00e9 le pire, in extremis.<\/p>\n<p>D&rsquo;apr\u00e8s des informations de <a href=\"https:\/\/www.nicematin.com\/faits-divers\/a-l-aeroport-de-nice-un-avion-oblige-de-remettre-les-gaz-pour-en-eviter-un-autre-993617\" target=\"_blank\" rel=\"nofollow noopener\">Nice-Matin<\/a>, mardi, un avion\u00a0Easyjet qui avait d\u00e9coll\u00e9 de Bruxelles a d\u00fb remettre les gaz au moment d&rsquo;atterrir. Et pour cause\u00a0: un vol Iberia en partance pour Madrid devait s&rsquo;\u00e9lancer au m\u00eame moment de cette m\u00eame piste.<\/p>\n<p>Les causes ind\u00e9termin\u00e9es<\/p>\n<p>Cit\u00e9 par Nice-Matin, un homme qui \u00e9tait \u00e0 bord de l&rsquo;avion au sol raconte\u00a0: \u00ab\u00a0C\u2019est une amie qui se trouvait sur le m\u00eame vol qui m\u2019a dit, une fois d\u00e9barqu\u00e9s \u00e0 Madrid, qu\u2019on avait bien failli mourir. Elle se trouvait c\u00f4t\u00e9 hublot et a vu arriver de tr\u00e8s pr\u00e8s l\u2019avion d\u2019Easyjet.\u00a0\u00bb<\/p>\n<p>Ce contenu est bloqu\u00e9 car vous n&rsquo;avez pas accept\u00e9 les cookies et autres traceurs.<\/p>\n<p>En cliquant sur \u00ab J\u2019accepte \u00bb, les cookies et autres traceurs seront d\u00e9pos\u00e9s et vous pourrez visualiser les contenus  (<a href=\"\" class=\"consentModule_policy\" target=\"_blank\" title=\"Consulter la politique de protection des donn\u00e9es du fournisseur\">plus d&rsquo;informations<\/a>).<\/p>\n<p>En cliquant sur \u00ab J\u2019accepte tous les cookies \u00bb, vous autorisez des d\u00e9p\u00f4ts de cookies et autres traceurs pour le stockage de vos donn\u00e9es sur nos sites et applications \u00e0 des fins de personnalisation et de ciblage publicitaire.<\/p>\n<p class=\"consentModule_secondaryText\">Vous gardez la possibilit\u00e9 de retirer votre consentement \u00e0 tout moment en consultant notre <a href=\"https:\/\/www.ledauphine.com\/protection-des-donnees\" target=\"_blank\" title=\"Consulter notre politique de protection des donn\u00e9es\" rel=\"nofollow noopener\">politique de protection des donn\u00e9es<\/a>. <br \/>&#13;<br \/>\n            <a href=\"https:\/\/www.ledauphine.com\/transport\/2025\/07\/10\/javascript:Didomi.notice.show()\" class=\"consentModule_cmp\" rel=\"nofollow noopener\" target=\"_blank\">G\u00e9rer mes choix<\/a>&#13;\n        <\/p>\n<p>&#13;<br \/>\n                        J&rsquo;accepte&#13;<br \/>\n            J&rsquo;accepte tous les cookies&#13;\n        <\/p>\n<p>Si les causes de l&rsquo;incident n&rsquo;ont pas \u00e9t\u00e9 d\u00e9termin\u00e9es, la Direction g\u00e9n\u00e9rale de l\u2019aviation civile a confirm\u00e9 que les deux avions seraient effectivement pass\u00e9s \u00e0 une distance \u00ab\u00a0inf\u00e9rieure \u00e0 la norme de s\u00e9curit\u00e9 en vigueur\u00a0\u00bb.<\/p>\n<p>Pour sa part, EasyJet juge \u00ab\u00a0important de souligner que le vol EasyJet avait re\u00e7u l&rsquo;autorisation du contr\u00f4le a\u00e9rien d&rsquo;atterrir sur la piste\u00a0\u00bb.<\/p>\n<p>Ce vol \u00ab a effectu\u00e9 une remise de gaz de routine sur demande du contr\u00f4le a\u00e9rien avant d\u2019atterrir en toute s\u00e9curit\u00e9 \u00e0\u00a0Nice. Une analyse de faits est en cours conform\u00e9ment aux proc\u00e9dures et easyJet s&rsquo;engage \u00e0 fournir toutes les informations demand\u00e9es aux autorit\u00e9s comp\u00e9tentes \u00bb, pr\u00e9cise la compagnie a\u00e9rienne.<\/p>\n<p class=\"note\">&gt;&gt; Lire l&rsquo;article de <a href=\"https:\/\/www.nicematin.com\/faits-divers\/a-l-aeroport-de-nice-un-avion-oblige-de-remettre-les-gaz-pour-en-eviter-un-autre-993617\" target=\"_blank\" rel=\"nofollow noopener\">Nice-Matin<\/a>.<\/p>\n","protected":false},"excerpt":{"rendered":"C&rsquo;est le cauchemar des phobiques en avion. Deux avions qui avaient pr\u00e9vu d&#8217;emprunter la m\u00eame piste sur le&hellip;\n","protected":false},"author":2,"featured_media":245593,"comment_status":"","ping_status":"","sticky":false,"template":"","format":"standard","meta":{"footnotes":""},"categories":[2819],"tags":[1111,11,1777,674,274,107,1011,27,329,12,2401,882,25,2803],"class_list":{"0":"post-245592","1":"post","2":"type-post","3":"status-publish","4":"format-standard","5":"has-post-thumbnail","7":"category-nice","8":"tag-actu","9":"tag-actualites","10":"tag-eu","11":"tag-europe","12":"tag-faits-divers-justice","13":"tag-fil-info","14":"tag-fr","15":"tag-france","16":"tag-france-monde","17":"tag-news","18":"tag-nice","19":"tag-provence-alpes-cote-dazur","20":"tag-republique-francaise","21":"tag-transport"},"share_on_mastodon":{"url":"https:\/\/pubeurope.com\/@fr\/114841921994170650","error":""},"_links":{"self":[{"href":"https:\/\/www.europesays.com\/fr\/wp-json\/wp\/v2\/posts\/245592","targetHints":{"allow":["GET"]}}],"collection":[{"href":"https:\/\/www.europesays.com\/fr\/wp-json\/wp\/v2\/posts"}],"about":[{"href":"https:\/\/www.europesays.com\/fr\/wp-json\/wp\/v2\/types\/post"}],"author":[{"embeddable":true,"href":"https:\/\/www.europesays.com\/fr\/wp-json\/wp\/v2\/users\/2"}],"replies":[{"embeddable":true,"href":"https:\/\/www.europesays.com\/fr\/wp-json\/wp\/v2\/comments?post=245592"}],"version-history":[{"count":0,"href":"https:\/\/www.europesays.com\/fr\/wp-json\/wp\/v2\/posts\/245592\/revisions"}],"wp:featuredmedia":[{"embeddable":true,"href":"https:\/\/www.europesays.com\/fr\/wp-json\/wp\/v2\/media\/245593"}],"wp:attachment":[{"href":"https:\/\/www.europesays.com\/fr\/wp-json\/wp\/v2\/media?parent=245592"}],"wp:term":[{"taxonomy":"category","embeddable":true,"href":"https:\/\/www.europesays.com\/fr\/wp-json\/wp\/v2\/categories?post=245592"},{"taxonomy":"post_tag","embeddable":true,"href":"https:\/\/www.europesays.com\/fr\/wp-json\/wp\/v2\/tags?post=245592"}],"curies":[{"name":"wp","href":"https:\/\/api.w.org\/{rel}","templated":true}]}}