{"id":245594,"date":"2025-07-12T19:30:12","date_gmt":"2025-07-12T19:30:12","guid":{"rendered":"https:\/\/www.europesays.com\/fr\/245594\/"},"modified":"2025-07-12T19:30:12","modified_gmt":"2025-07-12T19:30:12","slug":"mercato-nice-ayoub-amraoui-vers-un-transfert-au-qatar","status":"publish","type":"post","link":"https:\/\/www.europesays.com\/fr\/245594\/","title":{"rendered":"Mercato Nice\u00a0: Ayoub Amraoui vers un transfert au Qatar"},"content":{"rendered":"<p class=\"paragraph text_align_left lp-f-body-02\">De retour d\u2019un pr\u00eat convaincant \u00e0 Martigues (L2), Ayoub Amraoui ne va pas rester \u00e0 l\u2019OGC Nice. Selon nos informations, le lat\u00e9ral gauche de 21 ans s\u2019appr\u00eate \u00e0 quitter le club de <a href=\"https:\/\/www.leparisien.fr\/sports\/football\/ligue-1\/\" target=\"_self\" rel=\"nofollow noopener\">Ligue 1<\/a> pour relever un nouveau challenge au Qatar.<\/p>\n<p class=\"paragraph text_align_left lp-f-body-02\">La formation d\u2019Al-Ahli Sports vient en effet de trouver un terrain d\u2019entente avec Nice pour le transfert du d\u00e9fenseur international marocain U23. Le joueur doit voyager ce dimanche pour s\u2019engager avec sa nouvelle \u00e9quipe. L\u2019indemnit\u00e9 serait inf\u00e9rieure au million d\u2019euros.<\/p>\n","protected":false},"excerpt":{"rendered":"De retour d\u2019un pr\u00eat convaincant \u00e0 Martigues (L2), Ayoub Amraoui ne va pas rester \u00e0 l\u2019OGC Nice. Selon&hellip;\n","protected":false},"author":2,"featured_media":245595,"comment_status":"","ping_status":"","sticky":false,"template":"","format":"standard","meta":{"footnotes":""},"categories":[2819],"tags":[1111,11,1777,674,63,1011,27,66,12,2401,882,25,60],"class_list":{"0":"post-245594","1":"post","2":"type-post","3":"status-publish","4":"format-standard","5":"has-post-thumbnail","7":"category-nice","8":"tag-actu","9":"tag-actualites","10":"tag-eu","11":"tag-europe","12":"tag-football","13":"tag-fr","14":"tag-france","15":"tag-ligue-1","16":"tag-news","17":"tag-nice","18":"tag-provence-alpes-cote-dazur","19":"tag-republique-francaise","20":"tag-sports"},"share_on_mastodon":{"url":"https:\/\/pubeurope.com\/@fr\/114841925887323965","error":""},"_links":{"self":[{"href":"https:\/\/www.europesays.com\/fr\/wp-json\/wp\/v2\/posts\/245594","targetHints":{"allow":["GET"]}}],"collection":[{"href":"https:\/\/www.europesays.com\/fr\/wp-json\/wp\/v2\/posts"}],"about":[{"href":"https:\/\/www.europesays.com\/fr\/wp-json\/wp\/v2\/types\/post"}],"author":[{"embeddable":true,"href":"https:\/\/www.europesays.com\/fr\/wp-json\/wp\/v2\/users\/2"}],"replies":[{"embeddable":true,"href":"https:\/\/www.europesays.com\/fr\/wp-json\/wp\/v2\/comments?post=245594"}],"version-history":[{"count":0,"href":"https:\/\/www.europesays.com\/fr\/wp-json\/wp\/v2\/posts\/245594\/revisions"}],"wp:featuredmedia":[{"embeddable":true,"href":"https:\/\/www.europesays.com\/fr\/wp-json\/wp\/v2\/media\/245595"}],"wp:attachment":[{"href":"https:\/\/www.europesays.com\/fr\/wp-json\/wp\/v2\/media?parent=245594"}],"wp:term":[{"taxonomy":"category","embeddable":true,"href":"https:\/\/www.europesays.com\/fr\/wp-json\/wp\/v2\/categories?post=245594"},{"taxonomy":"post_tag","embeddable":true,"href":"https:\/\/www.europesays.com\/fr\/wp-json\/wp\/v2\/tags?post=245594"}],"curies":[{"name":"wp","href":"https:\/\/api.w.org\/{rel}","templated":true}]}}