{"id":245606,"date":"2025-07-12T19:36:35","date_gmt":"2025-07-12T19:36:35","guid":{"rendered":"https:\/\/www.europesays.com\/fr\/245606\/"},"modified":"2025-07-12T19:36:35","modified_gmt":"2025-07-12T19:36:35","slug":"une-fillette-de-3-ans-meurt-apres-un-accident-dans-une-fete-foraine-de-toulouse","status":"publish","type":"post","link":"https:\/\/www.europesays.com\/fr\/245606\/","title":{"rendered":"Une fillette de 3 ans meurt apr\u00e8s un accident dans une f\u00eate foraine de Toulouse"},"content":{"rendered":"<p>Une fillette de trois ans est morte dans la nuit de vendredi \u00e0 samedi des blessures survenues lors d\u2019un accident ce lundi. Les faits se sont d\u00e9roul\u00e9s dans une f\u00eate foraine d&rsquo;une banlieue de <a href=\"https:\/\/www.laprovence.com\/article\/france-monde\/3526382758122814\/a-toulouse-une-grande-fresque-en-hommage-a-jaures-pour-les-100-ans-de-sa-pantheonisation\" target=\"_blank\" rel=\"noopener\">Toulouse<\/a>, a indiqu\u00e9 le parquet.<\/p>\n<p>Le propri\u00e9taire du toboggan o\u00f9 s&rsquo;est produit l&rsquo;accident avait \u00e9t\u00e9 mis en examen mercredi, notamment pour \u00ab\u00a0blessures involontaires (&#8230;) aggrav\u00e9es par manquement d\u00e9lib\u00e9r\u00e9 \u00e0 une obligation de s\u00e9curit\u00e9\u00a0ou de prudence\u00a0\u00bb et plac\u00e9 sous contr\u00f4le judiciaire, avec interdiction d&rsquo;exercer sa profession, a pr\u00e9cis\u00e9 \u00e0 l&rsquo;AFP le procureur de la R\u00e9publique de Toulouse, David Charmatz.<\/p>\n<p>Une barri\u00e8re m\u00e9tallique n&rsquo;avait pas \u00e9t\u00e9 enlev\u00e9e<\/p>\n<p>\u00ab\u00a0La mineure \u00e9tant, depuis, d\u00e9c\u00e9d\u00e9e, le chef de mise en examen sera n\u00e9cessairement modifi\u00e9 en homicide involontaire aggrav\u00e9 dans les prochains jours\u00a0\u00bb, a-t-il ajout\u00e9.<\/p>\n<p>Lundi, dans une f\u00eate foraine \u00e0 Tournefeuille, \u00e0 un peu plus d&rsquo;une dizaine de kilom\u00e8tres du centre de Toulouse, la fillette avait commenc\u00e9 \u00e0 descendre avec son oncle de 16 ans sur un toboggan dont la cha\u00eene interdisant l&rsquo;acc\u00e8s venait d&rsquo;\u00eatre enlev\u00e9e afin de le rouvrir au public.\u00a0<\/p>\n<p>En descendant, ils avaient heurt\u00e9 une barri\u00e8re m\u00e9tallique situ\u00e9e plus loin qui n&rsquo;avait pas encore \u00e9t\u00e9 enlev\u00e9e en vue de la r\u00e9ouverture de ce toboggan.<\/p>\n","protected":false},"excerpt":{"rendered":"Une fillette de trois ans est morte dans la nuit de vendredi \u00e0 samedi des blessures survenues lors&hellip;\n","protected":false},"author":2,"featured_media":245607,"comment_status":"","ping_status":"","sticky":false,"template":"","format":"standard","meta":{"footnotes":""},"categories":[2816],"tags":[17,119,1111,11,1764,150,1446,1777,674,274,36271,1011,27,5479,12,2680,25,2312,96],"class_list":{"0":"post-245606","1":"post","2":"type-post","3":"status-publish","4":"format-standard","5":"has-post-thumbnail","7":"category-toulouse","8":"tag-17","9":"tag-accident","10":"tag-actu","11":"tag-actualites","12":"tag-ans","13":"tag-apres","14":"tag-dans","15":"tag-eu","16":"tag-europe","17":"tag-faits-divers-justice","18":"tag-fillette","19":"tag-fr","20":"tag-france","21":"tag-meurt","22":"tag-news","23":"tag-occitanie","24":"tag-republique-francaise","25":"tag-toulouse","26":"tag-une"},"share_on_mastodon":{"url":"https:\/\/pubeurope.com\/@fr\/114841949451943844","error":""},"_links":{"self":[{"href":"https:\/\/www.europesays.com\/fr\/wp-json\/wp\/v2\/posts\/245606","targetHints":{"allow":["GET"]}}],"collection":[{"href":"https:\/\/www.europesays.com\/fr\/wp-json\/wp\/v2\/posts"}],"about":[{"href":"https:\/\/www.europesays.com\/fr\/wp-json\/wp\/v2\/types\/post"}],"author":[{"embeddable":true,"href":"https:\/\/www.europesays.com\/fr\/wp-json\/wp\/v2\/users\/2"}],"replies":[{"embeddable":true,"href":"https:\/\/www.europesays.com\/fr\/wp-json\/wp\/v2\/comments?post=245606"}],"version-history":[{"count":0,"href":"https:\/\/www.europesays.com\/fr\/wp-json\/wp\/v2\/posts\/245606\/revisions"}],"wp:featuredmedia":[{"embeddable":true,"href":"https:\/\/www.europesays.com\/fr\/wp-json\/wp\/v2\/media\/245607"}],"wp:attachment":[{"href":"https:\/\/www.europesays.com\/fr\/wp-json\/wp\/v2\/media?parent=245606"}],"wp:term":[{"taxonomy":"category","embeddable":true,"href":"https:\/\/www.europesays.com\/fr\/wp-json\/wp\/v2\/categories?post=245606"},{"taxonomy":"post_tag","embeddable":true,"href":"https:\/\/www.europesays.com\/fr\/wp-json\/wp\/v2\/tags?post=245606"}],"curies":[{"name":"wp","href":"https:\/\/api.w.org\/{rel}","templated":true}]}}