{"id":245610,"date":"2025-07-12T19:39:12","date_gmt":"2025-07-12T19:39:12","guid":{"rendered":"https:\/\/www.europesays.com\/fr\/245610\/"},"modified":"2025-07-12T19:39:12","modified_gmt":"2025-07-12T19:39:12","slug":"lexcellence-des-metiers-du-batir-recompensee","status":"publish","type":"post","link":"https:\/\/www.europesays.com\/fr\/245610\/","title":{"rendered":"L\u2019excellence des m\u00e9tiers du b\u00e2tir r\u00e9compens\u00e9e"},"content":{"rendered":"<p>Malgr\u00e9 la crise du logement et les contraintes, un seul mot d\u2019ordre\u00a0: garder le cap et \u00ab\u00a0d\u00e9montrer la valeur ajout\u00e9e de notre m\u00e9tier. Produire du logement, c\u2019est \u0153uvrer pour le bien commun, c\u2019est offrir \u00e0 nos concitoyens un cadre de vie digne, durable, accessible\u00a0\u00bb. Le message d\u2019<a href=\"https:\/\/www.laprovence.com\/article\/economie\/6362619921993714\/arnaud-bastide-le-president-de-la-federation-des-promoteurs-immobiliers-de-provence-veut-batir-des-projets-de-vie\" target=\"_blank\" rel=\"noopener\">Arnaud Bastide<\/a> est lucide et offensif. Le pr\u00e9sident de la FPI Provence (F\u00e9d\u00e9ration des promoteurs immobiliers) ne nie rien des grandes difficult\u00e9s du march\u00e9 immobilier (baisse de la production de logements neufs, chute du nombre de permis de construire, exc\u00e8s des normes\u2026), il pr\u00e9f\u00e8re mettre l\u2019accent sur l\u2019engagement permanent des professionnels du b\u00e2tir, \u00ab\u00a0qui ont sign\u00e9 aux quatre coins du territoire des op\u00e9rations, des programmes, des r\u00e9sidences et des bureaux qui sont exemplaires, innovants, vertueux\u2026\u00a0\u00bb.<\/p>\n<p>Des r\u00e9alisations r\u00e9compens\u00e9es lors de <a href=\"https:\/\/www.laprovence.com\/article\/economie\/12488531251748\/des-projets-aixois-recompenses-lors-de-la-soiree-de-la-federation-des-promoteurs-immobiliers-fpi-provence\" target=\"_blank\" rel=\"noopener\">la soir\u00e9e des Pyramides d\u2019Argent de la FPI<\/a>, au Ch\u00e2teau de La Pioline \u00e0 Aix-en-Provence, et au cours de laquelle huit laur\u00e9ats ont \u00e9t\u00e9 distingu\u00e9s pour la qualit\u00e9 de leurs projets immobiliers et d\u2019am\u00e9nagement. L\u2019occasion pour Arnaud Bastide de lancer un appel \u00e0 l\u2019\u00c9tat, aux \u00e9lus et aux acteurs \u00e9conomiques locaux. \u00ab\u00a0Nous devons porter ensemble et avec enthousiasme ces nouveaux projets dans les communes et expliquer, convaincre qu\u2019ils portent en eux le dynamisme, l\u2019attractivit\u00e9, la capacit\u00e9 de proposer des solutions pour mieux vivre ensemble.\u00a0\u00bb Une n\u00e9cessit\u00e9 \u00e0 ses yeux alors que les besoins en logements n\u2019ont jamais \u00e9t\u00e9 aussi grands. \u00ab\u00a0Un plan Marschall devrait s\u2019imposer comme une \u00e9vidence\u00a0\u00bb, insiste-t-il, convaincu qu\u2019il est \u00ab\u00a0difficile de se satisfaire de mesures isol\u00e9es, la crise du logement se r\u00e8glera globalement ou ne se r\u00e9glera pas\u00a0\u00bb. Partenaire de la soir\u00e9e des Pyramides d\u2019Argent, La Provence a annonc\u00e9 l\u2019organisation d\u00e9but octobre d\u2019un grand d\u00e9bat autour des probl\u00e9matiques des acteurs de l\u2019immobilier au si\u00e8ge du journal.<\/p>\n<p>Le palmar\u00e8s des Pyramides d\u2019Argent 2025<\/p>\n<p><strong>GRAND PRIX R\u00c9GIONAL\u00a0: <\/strong>Habside, pour le projet \u00ab\u00a0Le Verger\u00a0\u00bb. Marciano Architecture (Marseille). <strong>PYRAMIDE de la Mixit\u00e9 <\/strong><strong>\u00c9nerg\u00e9tique\u00a0: <\/strong>Cogedim Provence, pour \u00ab\u00a0Aix Neo II\u00a0\u00bb. Patrice Denis Architecte (Aix-en-Provence). <strong>PYRAMIDE du B\u00e2timent\u00a0<\/strong>\u200d<strong>Bas Carbone\u00a0: <\/strong>Spirit Provence, pour \u00ab\u00a0Les Voiles\u00a0\u00bb.<\/p>\n<p>Midi Architecture (Port-Saint-Louis-du-Rh\u00f4ne).\u00a0<strong>PYRAMIDE R\u00e9novation-extension-r\u00e9habilitation\u00a0: <\/strong>BNP Paribas Immobilier R\u00e9sidentiel, pour \u00ab\u00a0Le Boulevard des Dames\u00a0\u00bb. Gensler France SAS &#8211; Claire Fatosme &amp; Christian Lefevre (Marseille).\u00a0<strong>PYRAMIDE Conduite Responsable des Op\u00e9rations\u00a0: <\/strong>Quartus, pour La Citadelle.<strong>\u00a0<\/strong>Caract\u00e8re Sp\u00e9cial (Marseille)<strong>.\u00a0<\/strong><strong>PYRAMIDE de la Qualit\u00e9 <\/strong>\u200d<strong>Globale\u00a0: <\/strong>Habside, pour \u00ab\u00a0Le Verger\u00a0\u00bb. Marciano Architecture (Marseille). <strong>PYRAMIDE de l\u2019Immobilier<\/strong>\u00a0<strong>d\u2019entreprise\u00a0: <\/strong>Eiffage Immobilier, pour \u00ab\u00a0Le P\u00f4le\u00a0\u00bb. Yvon Morandat 3A Architectes (Gardanne). <strong>Prix Sp\u00e9cial du Jury\u00a0: <\/strong>Co-Promotion Icade Promotion +\u00a0OBI, pour \u00ab\u00a0La Fourane\u00a0\u00bb. Marc Farcy Architecture (Aix-en-Provence).<\/p>\n<p>Les membres du jury\u00a0: Alain Jouanen (Caisse d\u2019Epargne CEPAC)\u00a0; George Nave (FBTP13)\u00a0; Eric Montels (GIP)\u00a0; Laure Portale (M\u00e9tropole AMP)\u00a0; Delphine Meucci (SMABTP)\u00a0; Christelle Montillet (Ville de Marseille)\u00a0; Roberto Sadrin (APAVE)\u00a0; Sylvie Soustelle (GrDF)\u00a0; Christophe Kasperski (EDF)\u00a0; Michel Couartou (Businews)\u00a0; Marc Bermond (BPMED)\u00a0; William Allaire (TPBM).<\/p>\n","protected":false},"excerpt":{"rendered":"Malgr\u00e9 la crise du logement et les contraintes, un seul mot d\u2019ordre\u00a0: garder le cap et \u00ab\u00a0d\u00e9montrer la&hellip;\n","protected":false},"author":2,"featured_media":245611,"comment_status":"","ping_status":"","sticky":false,"template":"","format":"standard","meta":{"footnotes":""},"categories":[2814],"tags":[17,1111,11,38534,154,1777,674,38535,1011,27,38536,884,12,1186,882,38533,25,104,953],"class_list":{"0":"post-245610","1":"post","2":"type-post","3":"status-publish","4":"format-standard","5":"has-post-thumbnail","7":"category-marseille","8":"tag-17","9":"tag-actu","10":"tag-actualites","11":"tag-dargent","12":"tag-des","13":"tag-eu","14":"tag-europe","15":"tag-fpi","16":"tag-fr","17":"tag-france","18":"tag-lexcellence","19":"tag-marseille","20":"tag-news","21":"tag-provence","22":"tag-provence-alpes-cote-dazur","23":"tag-pyramides","24":"tag-republique-francaise","25":"tag-societe","26":"tag-soiree"},"share_on_mastodon":{"url":"https:\/\/pubeurope.com\/@fr\/114841961340112484","error":""},"_links":{"self":[{"href":"https:\/\/www.europesays.com\/fr\/wp-json\/wp\/v2\/posts\/245610","targetHints":{"allow":["GET"]}}],"collection":[{"href":"https:\/\/www.europesays.com\/fr\/wp-json\/wp\/v2\/posts"}],"about":[{"href":"https:\/\/www.europesays.com\/fr\/wp-json\/wp\/v2\/types\/post"}],"author":[{"embeddable":true,"href":"https:\/\/www.europesays.com\/fr\/wp-json\/wp\/v2\/users\/2"}],"replies":[{"embeddable":true,"href":"https:\/\/www.europesays.com\/fr\/wp-json\/wp\/v2\/comments?post=245610"}],"version-history":[{"count":0,"href":"https:\/\/www.europesays.com\/fr\/wp-json\/wp\/v2\/posts\/245610\/revisions"}],"wp:featuredmedia":[{"embeddable":true,"href":"https:\/\/www.europesays.com\/fr\/wp-json\/wp\/v2\/media\/245611"}],"wp:attachment":[{"href":"https:\/\/www.europesays.com\/fr\/wp-json\/wp\/v2\/media?parent=245610"}],"wp:term":[{"taxonomy":"category","embeddable":true,"href":"https:\/\/www.europesays.com\/fr\/wp-json\/wp\/v2\/categories?post=245610"},{"taxonomy":"post_tag","embeddable":true,"href":"https:\/\/www.europesays.com\/fr\/wp-json\/wp\/v2\/tags?post=245610"}],"curies":[{"name":"wp","href":"https:\/\/api.w.org\/{rel}","templated":true}]}}